{"id":104115,"date":"2026-04-29T06:04:59","date_gmt":"2026-04-29T12:04:59","guid":{"rendered":"https:\/\/elinformante.mx\/?p=104115"},"modified":"2026-04-29T06:05:09","modified_gmt":"2026-04-29T12:05:09","slug":"gobierno-del-edomex-entrego-al-congreso-mexiquense-la-cuenta-publica-2025","status":"publish","type":"post","link":"https:\/\/elinformante.mx\/?p=104115","title":{"rendered":"Gobierno del Edom\u00e9x entreg\u00f3 al Congreso Mexiquense la Cuenta P\u00fablica 2025"},"content":{"rendered":"\n<figure class=\"wp-block-pullquote\"><blockquote><p>Esta destaca la eficiencia en generaci\u00f3n de ingresos y disciplina en el ejercicio del gasto.<\/p><\/blockquote><\/figure>\n\n\n\n<p class=\"has-drop-cap\">En cumplimiento del mandato constitucional de rendici\u00f3n de cuentas y en representaci\u00f3n de la Gobernadora del Estado de M\u00e9xico, Maestra Delfina G\u00f3mez \u00c1lvarez, el Secretario de Finanzas, Oscar Flores Jim\u00e9nez, entreg\u00f3 a la LXII Legislatura local la Cuenta P\u00fablica del Gobierno, Organismos Auxiliares y Aut\u00f3nomos del Estado de M\u00e9xico correspondiente al ejercicio fiscal 2025.<br><\/p>\n\n\n\n<p>El documento refleja una gesti\u00f3n financiera basada en disciplina, eficiencia y orientaci\u00f3n social del gasto, con resultados que contribuyen a la estabilidad econ\u00f3mica de la entidad.<br><\/p>\n\n\n\n<p>En materia de ingresos, el Gobierno estatal registr\u00f3 un total de 414 mil 959 millones de pesos, cifra superior en 6.8 por ciento a lo aprobado en la Ley de Ingresos, equivalente a 26 mil 408 millones de pesos adicionales.<br><\/p>\n\n\n\n<p>Este desempe\u00f1o se sustent\u00f3 en el fortalecimiento de los ingresos ordinarios y en el aprovechamiento eficiente de las participaciones y aportaciones federales. El funcionario estatal destac\u00f3 que estos resultados se obtuvieron sin la creaci\u00f3n de nuevos impuestos ni incrementos a la carga fiscal.<br><\/p>\n\n\n\n<p>En cuanto al gasto p\u00fablico, este ascendi\u00f3 a 399 mil 113 millones de pesos, lo que representa el 98 por ciento del presupuesto autorizado, reflejo de una pol\u00edtica de control, austeridad y uso eficiente de los recursos.<br><\/p>\n\n\n\n<figure class=\"wp-block-image size-large\"><img fetchpriority=\"high\" decoding=\"async\" width=\"1024\" height=\"506\" src=\"https:\/\/elinformante.mx\/wp-content\/uploads\/2026\/04\/7entrega-1024x506.jpg\" alt=\"\" class=\"wp-image-104119\" srcset=\"https:\/\/elinformante.mx\/wp-content\/uploads\/2026\/04\/7entrega-1024x506.jpg 1024w, https:\/\/elinformante.mx\/wp-content\/uploads\/2026\/04\/7entrega-300x148.jpg 300w, https:\/\/elinformante.mx\/wp-content\/uploads\/2026\/04\/7entrega-768x379.jpg 768w, https:\/\/elinformante.mx\/wp-content\/uploads\/2026\/04\/7entrega.jpg 1140w\" sizes=\"(max-width: 1024px) 100vw, 1024px\" \/><\/figure>\n\n\n\n<p>El gasto programable represent\u00f3 el 78% del total, orientado principalmente a sectores estrat\u00e9gicos como educaci\u00f3n, salud, seguridad p\u00fablica, justicia y bienestar social, lo que reafirma el enfoque del gobierno estatal en la atenci\u00f3n de necesidades prioritarias de la poblaci\u00f3n.<br><\/p>\n\n\n\n<p>En inversi\u00f3n p\u00fablica, se ejercieron 16 mil 939 millones de pesos, destinados a proyectos de impacto social y territorial, enfocados en mejorar infraestructura y ampliar oportunidades de desarrollo para las y los mexiquenses.<br><\/p>\n\n\n\n<p>Respecto a la deuda p\u00fablica, el saldo al cierre del ejercicio se ubic\u00f3 en 58 mil 751 millones de pesos, equivalente al 16 por ciento de los ingresos ordinarios, manteni\u00e9ndose en niveles sostenibles y sin la contrataci\u00f3n de nuevos financiamientos.<br><\/p>\n\n\n\n<p>El Secretario de Finanzas destac\u00f3 que los resultados del ejercicio fiscal 2025 son resultado de la instrucci\u00f3n de nuestra Gobernadora, Maestra Delfina G\u00f3mez \u00c1lvarez; se ha fortalecido una pol\u00edtica financiera que privilegia la austeridad, la transparencia y la justicia social como ejes rectores de la acci\u00f3n gubernamental.<br><\/p>\n\n\n\n<p>Oscar Flores reiter\u00f3 la disposici\u00f3n del Gobierno estatal para colaborar con el Poder Legislativo y el \u00d3rgano Superior de Fiscalizaci\u00f3n en el an\u00e1lisis de la Cuenta P\u00fablica, fortaleciendo la transparencia y la rendici\u00f3n de cuentas.<\/p>\n","protected":false},"excerpt":{"rendered":"<p>Esta destaca la eficiencia en generaci\u00f3n de ingresos y disciplina en el ejercicio del gasto. En cumplimiento del mandato constitucional de rendici\u00f3n de cuentas y en representaci\u00f3n de la Gobernadora del Estado de M\u00e9xico, Maestra Delfina G\u00f3mez \u00c1lvarez, el Secretario de Finanzas, Oscar Flores Jim\u00e9nez, entreg\u00f3 a la LXII Legislatura local la Cuenta P\u00fablica del [&hellip;]<\/p>\n","protected":false},"author":1,"featured_media":104118,"comment_status":"closed","ping_status":"closed","sticky":false,"template":"","format":"standard","meta":{"footnotes":""},"categories":[30,36],"tags":[],"class_list":["post-104115","post","type-post","status-publish","format-standard","has-post-thumbnail","hentry","category-destacado","category-edomex"],"_links":{"self":[{"href":"https:\/\/elinformante.mx\/index.php?rest_route=\/wp\/v2\/posts\/104115","targetHints":{"allow":["GET"]}}],"collection":[{"href":"https:\/\/elinformante.mx\/index.php?rest_route=\/wp\/v2\/posts"}],"about":[{"href":"https:\/\/elinformante.mx\/index.php?rest_route=\/wp\/v2\/types\/post"}],"author":[{"embeddable":true,"href":"https:\/\/elinformante.mx\/index.php?rest_route=\/wp\/v2\/users\/1"}],"replies":[{"embeddable":true,"href":"https:\/\/elinformante.mx\/index.php?rest_route=%2Fwp%2Fv2%2Fcomments&post=104115"}],"version-history":[{"count":0,"href":"https:\/\/elinformante.mx\/index.php?rest_route=\/wp\/v2\/posts\/104115\/revisions"}],"wp:featuredmedia":[{"embeddable":true,"href":"https:\/\/elinformante.mx\/index.php?rest_route=\/wp\/v2\/media\/104118"}],"wp:attachment":[{"href":"https:\/\/elinformante.mx\/index.php?rest_route=%2Fwp%2Fv2%2Fmedia&parent=104115"}],"wp:term":[{"taxonomy":"category","embeddable":true,"href":"https:\/\/elinformante.mx\/index.php?rest_route=%2Fwp%2Fv2%2Fcategories&post=104115"},{"taxonomy":"post_tag","embeddable":true,"href":"https:\/\/elinformante.mx\/index.php?rest_route=%2Fwp%2Fv2%2Ftags&post=104115"}],"curies":[{"name":"wp","href":"https:\/\/api.w.org\/{rel}","templated":true}]}}