{"id":104117,"date":"2026-04-29T06:08:00","date_gmt":"2026-04-29T12:08:00","guid":{"rendered":"https:\/\/elinformante.mx\/?p=104117"},"modified":"2026-04-29T06:08:09","modified_gmt":"2026-04-29T12:08:09","slug":"horacio-duarte-abandera-ampliacion-de-instalaciones-de-la-policia-estatal-en-aculco","status":"publish","type":"post","link":"https:\/\/elinformante.mx\/?p=104117","title":{"rendered":"Horacio Duarte abandera ampliaci\u00f3n de instalaciones de la Polic\u00eda Estatal en Aculco"},"content":{"rendered":"\n<figure class=\"wp-block-pullquote\"><blockquote><p>Se\u00f1al\u00f3 que para el gobierno de la entidad la seguridad es una prioridad.<\/p><\/blockquote><\/figure>\n\n\n\n<p class=\"has-drop-cap\">Con el objetivo de reforzar la coordinaci\u00f3n en materia de seguridad para la Zona Norte del Estado de M\u00e9xico, el Gobierno de la Maestra Delfina G\u00f3mez \u00c1lvarez inici\u00f3 la ampliaci\u00f3n de las instalaciones de Seguridad P\u00fablica en el municipio de Aculco, que albergar\u00e1n a elementos de las fuerzas especiales de la Secretar\u00eda de Seguridad Estatal.<br><\/p>\n\n\n\n<p>\u201cHoy, gracias a la coordinaci\u00f3n, pero sobre todo al liderazgo de nuestra Gobernadora, somos uno de los estados que m\u00e1s ha disminuido los homicidios\u201d, se\u00f1al\u00f3 Horacio Duarte Olivares, Secretario General de Gobierno, quien acudi\u00f3 al evento en representaci\u00f3n de la Gobernadora Delfina G\u00f3mez \u00c1lvarez.<br><\/p>\n\n\n\n<p>El Secretario General de Gobierno resalt\u00f3 que los delitos de alto impacto contin\u00faan a la baja en el Estado de M\u00e9xico, gracias al trabajo colaborativo con los municipios mexiquenses que promueve la Gobernadora Delfina G\u00f3mez, en seguimiento a la Estrategia Nacional de Seguridad, implementada por la Presidenta Claudia Sheinbaum Pardo.<br><\/p>\n\n\n\n<p>\u201cLa seguridad es una prioridad para el Gobierno de la maestra Delfina G\u00f3mez\u201d, afirm\u00f3 Horacio Duarte Olivares, tras recordar que las Mesas de Paz que todos los d\u00edas encabeza la gobernadora son factor clave para el establecimiento de estrategias que garanticen la tranquilidad de las familias mexiquenses.<br><\/p>\n\n\n\n<p>Carlos Alberto Hern\u00e1ndez, Subsecretario de la Polic\u00eda Estatal de la Secretar\u00eda de Seguridad del Estado de M\u00e9xico (SSEM), inform\u00f3 que las instalaciones alojar\u00e1n a elementos de la Fuerza Especial de Seguridad (FES), quienes realizar\u00e1n actividades de planeaci\u00f3n, log\u00edstica y despliegue operativo para mejorar el esquema de seguridad del municipio y la Zona Norte de la entidad.<br><\/p>\n\n\n\n<p>Por su parte, Valeria Cruz Olvera, Presidenta Municipal de Aculco, se\u00f1al\u00f3 su compromiso con la Estrategia Nacional de Seguridad de la Presidenta Claudia Sheinbaum y reiter\u00f3 que en Aculco continuar\u00e1 la coordinaci\u00f3n y colaboraci\u00f3n con el Gobierno de la Maestra Delfina G\u00f3mez, a quien reconoci\u00f3 como una mujer comprometida con la seguridad y la paz de todos los municipios de la entidad.<br><\/p>\n\n\n\n<p>En el evento tambi\u00e9n estuvieron presentes Luis Gerardo \u00c1vila Guzm\u00e1n, Coordinador de Grupos T\u00e1cticos FES de la Polic\u00eda Estatal; el Mayor de Arma Blindada, Enrique S\u00e1nchez Centeno; las Diputadas Federales Nelly Brigada Rivera S\u00e1nchez y Mar\u00eda Luisa Mendoza Mondrag\u00f3n; as\u00ed como Fernando Ulises Montiel Arteaga, Presidente Municipal de Soyaniquilpan.<\/p>\n","protected":false},"excerpt":{"rendered":"<p>Se\u00f1al\u00f3 que para el gobierno de la entidad la seguridad es una prioridad. Con el objetivo de reforzar la coordinaci\u00f3n en materia de seguridad para la Zona Norte del Estado de M\u00e9xico, el Gobierno de la Maestra Delfina G\u00f3mez \u00c1lvarez inici\u00f3 la ampliaci\u00f3n de las instalaciones de Seguridad P\u00fablica en el municipio de Aculco, que [&hellip;]<\/p>\n","protected":false},"author":1,"featured_media":104121,"comment_status":"closed","ping_status":"closed","sticky":false,"template":"","format":"standard","meta":{"footnotes":""},"categories":[30,36,31],"tags":[],"class_list":["post-104117","post","type-post","status-publish","format-standard","has-post-thumbnail","hentry","category-destacado","category-edomex","category-portada"],"_links":{"self":[{"href":"https:\/\/elinformante.mx\/index.php?rest_route=\/wp\/v2\/posts\/104117","targetHints":{"allow":["GET"]}}],"collection":[{"href":"https:\/\/elinformante.mx\/index.php?rest_route=\/wp\/v2\/posts"}],"about":[{"href":"https:\/\/elinformante.mx\/index.php?rest_route=\/wp\/v2\/types\/post"}],"author":[{"embeddable":true,"href":"https:\/\/elinformante.mx\/index.php?rest_route=\/wp\/v2\/users\/1"}],"replies":[{"embeddable":true,"href":"https:\/\/elinformante.mx\/index.php?rest_route=%2Fwp%2Fv2%2Fcomments&post=104117"}],"version-history":[{"count":0,"href":"https:\/\/elinformante.mx\/index.php?rest_route=\/wp\/v2\/posts\/104117\/revisions"}],"wp:featuredmedia":[{"embeddable":true,"href":"https:\/\/elinformante.mx\/index.php?rest_route=\/wp\/v2\/media\/104121"}],"wp:attachment":[{"href":"https:\/\/elinformante.mx\/index.php?rest_route=%2Fwp%2Fv2%2Fmedia&parent=104117"}],"wp:term":[{"taxonomy":"category","embeddable":true,"href":"https:\/\/elinformante.mx\/index.php?rest_route=%2Fwp%2Fv2%2Fcategories&post=104117"},{"taxonomy":"post_tag","embeddable":true,"href":"https:\/\/elinformante.mx\/index.php?rest_route=%2Fwp%2Fv2%2Ftags&post=104117"}],"curies":[{"name":"wp","href":"https:\/\/api.w.org\/{rel}","templated":true}]}}