{"id":104126,"date":"2026-04-29T06:14:17","date_gmt":"2026-04-29T12:14:17","guid":{"rendered":"https:\/\/elinformante.mx\/?p=104126"},"modified":"2026-04-29T06:14:36","modified_gmt":"2026-04-29T12:14:36","slug":"gaby-osorio-pone-en-marcha-megaferia-educativa-en-la-alcaldia-tlalpan","status":"publish","type":"post","link":"https:\/\/elinformante.mx\/?p=104126","title":{"rendered":"Gaby Osorio pone en marcha Megaferia educativa en la Alcald\u00eda Tlalpan"},"content":{"rendered":"\n<figure class=\"wp-block-pullquote\"><blockquote><p>La alcaldesa adelant\u00f3 la instalaci\u00f3n del Consejo de las Infancias.<\/p><\/blockquote><\/figure>\n\n\n\n<p class=\"has-drop-cap\">La alcaldesa de Tlalpan, Gaby Osorio, puso en marcha la primera Megaferia de oferta educativa en la Plaza del Bolero, en el centro de la demarcaci\u00f3n, se anunci\u00f3 el actual gobierno local avanzar\u00e1 en el fortalecimiento de estancias infantiles y espacios de cuidado, as\u00ed como en la construcci\u00f3n de una pol\u00edtica p\u00fablica enfocada en la atenci\u00f3n integral de las infancias.<br><\/p>\n\n\n\n<p>Al encabezar la inauguraci\u00f3n, Osorio plante\u00f3 que la atenci\u00f3n a ni\u00f1as y ni\u00f1os no debe limitarse a acciones conmemorativas, sino asumirse como una prioridad estructural de gobierno. Sostuvo que invertir en su bienestar implica incidir directamente en la seguridad, el desarrollo social y la calidad de vida en la demarcaci\u00f3n.<br><\/p>\n\n\n\n<p>La alcaldesa destac\u00f3 que una pol\u00edtica p\u00fablica centrada en las infancias permite intervenir de manera transversal en el territorio. Se\u00f1al\u00f3 que si una calle es segura para una ni\u00f1a o un ni\u00f1o, es segura para toda la comunidad, por lo que el enfoque de cuidados se convierte en una herramienta de transformaci\u00f3n urbana y social.<br><\/p>\n\n\n\n<p>Osorio reconoci\u00f3 el trabajo de maestras, educadoras y personal de centros de cuidado, a quienes calific\u00f3 como una segunda red de apoyo para miles de familias. Subray\u00f3 que su labor no s\u00f3lo implica ense\u00f1anza, sino tambi\u00e9n acompa\u00f1amiento emocional, atenci\u00f3n y protecci\u00f3n cotidiana.<br><\/p>\n\n\n\n<p>Asimismo, hizo un reconocimiento a madres, padres y familias, particularmente a las mujeres que sostienen el trabajo dom\u00e9stico y de cuidados.<br><\/p>\n\n\n\n<p>Osorio adelant\u00f3 que la pr\u00f3xima semana se instalar\u00e1 el Consejo de las Infancias, un \u00f3rgano integrado por ni\u00f1as y ni\u00f1os que participar\u00e1n en la definici\u00f3n de propuestas y acciones de gobierno. Indic\u00f3 que este mecanismo no ser\u00e1 simb\u00f3lico, sino que tendr\u00e1 impacto directo en proyectos de la alcald\u00eda.<br><\/p>\n\n\n\n<p>Explic\u00f3 que ejercicios previos de participaci\u00f3n infantil ya han derivado en decisiones concretas, como la construcci\u00f3n de un parque dise\u00f1ado a partir de propuestas de ni\u00f1as y ni\u00f1os, lo que \u2014dijo\u2014 demuestra que su voz puede traducirse en pol\u00edtica p\u00fablica.<br><\/p>\n\n\n\n<p>Sa\u00fal Magdaleno Giles, director general de Bienestar e Igualdad Sustantiva, se\u00f1al\u00f3 que la Megaferia forma parte de una estrategia para acercar servicios educativos y de cuidado a la poblaci\u00f3n, particularmente a madres, padres y tutores que requieren opciones accesibles para la atenci\u00f3n de sus hijas e hijos.<br><\/p>\n\n\n\n<p>La Megaferia reuni\u00f3 a centros educativos, estancias infantiles y espacios de cuidado, con la participaci\u00f3n de educadoras, profesoras y directivos, como parte de una agenda m\u00e1s amplia de actividades dirigidas a ni\u00f1as y ni\u00f1os en la demarcaci\u00f3n.<\/p>\n","protected":false},"excerpt":{"rendered":"<p>La alcaldesa adelant\u00f3 la instalaci\u00f3n del Consejo de las Infancias. La alcaldesa de Tlalpan, Gaby Osorio, puso en marcha la primera Megaferia de oferta educativa en la Plaza del Bolero, en el centro de la demarcaci\u00f3n, se anunci\u00f3 el actual gobierno local avanzar\u00e1 en el fortalecimiento de estancias infantiles y espacios de cuidado, as\u00ed como [&hellip;]<\/p>\n","protected":false},"author":1,"featured_media":104129,"comment_status":"closed","ping_status":"closed","sticky":false,"template":"","format":"standard","meta":{"footnotes":""},"categories":[35,30],"tags":[],"class_list":["post-104126","post","type-post","status-publish","format-standard","has-post-thumbnail","hentry","category-cdmx","category-destacado"],"_links":{"self":[{"href":"https:\/\/elinformante.mx\/index.php?rest_route=\/wp\/v2\/posts\/104126","targetHints":{"allow":["GET"]}}],"collection":[{"href":"https:\/\/elinformante.mx\/index.php?rest_route=\/wp\/v2\/posts"}],"about":[{"href":"https:\/\/elinformante.mx\/index.php?rest_route=\/wp\/v2\/types\/post"}],"author":[{"embeddable":true,"href":"https:\/\/elinformante.mx\/index.php?rest_route=\/wp\/v2\/users\/1"}],"replies":[{"embeddable":true,"href":"https:\/\/elinformante.mx\/index.php?rest_route=%2Fwp%2Fv2%2Fcomments&post=104126"}],"version-history":[{"count":0,"href":"https:\/\/elinformante.mx\/index.php?rest_route=\/wp\/v2\/posts\/104126\/revisions"}],"wp:featuredmedia":[{"embeddable":true,"href":"https:\/\/elinformante.mx\/index.php?rest_route=\/wp\/v2\/media\/104129"}],"wp:attachment":[{"href":"https:\/\/elinformante.mx\/index.php?rest_route=%2Fwp%2Fv2%2Fmedia&parent=104126"}],"wp:term":[{"taxonomy":"category","embeddable":true,"href":"https:\/\/elinformante.mx\/index.php?rest_route=%2Fwp%2Fv2%2Fcategories&post=104126"},{"taxonomy":"post_tag","embeddable":true,"href":"https:\/\/elinformante.mx\/index.php?rest_route=%2Fwp%2Fv2%2Ftags&post=104126"}],"curies":[{"name":"wp","href":"https:\/\/api.w.org\/{rel}","templated":true}]}}