{"id":104132,"date":"2026-04-29T06:21:08","date_gmt":"2026-04-29T12:21:08","guid":{"rendered":"https:\/\/elinformante.mx\/?p=104132"},"modified":"2026-04-29T06:21:51","modified_gmt":"2026-04-29T12:21:51","slug":"sheinbaum-amplia-semana-nacional-de-vacunacion","status":"publish","type":"post","link":"https:\/\/elinformante.mx\/?p=104132","title":{"rendered":"Sheinbaum ampl\u00eda Semana Nacional de Vacunaci\u00f3n"},"content":{"rendered":"\n<figure class=\"wp-block-pullquote\"><blockquote><p>Durante todo mayo se brindar\u00e1 atenci\u00f3n en centros de salud, hospitales y brigadas.<\/p><\/blockquote><\/figure>\n\n\n\n<p class=\"has-drop-cap\">La presidenta Claudia Sheinbaum Pardo anunci\u00f3 que la Semana Nacional de Vacunaci\u00f3n se extender\u00e1 durante todo el mes de mayo, como parte de la estrategia del Gobierno de M\u00e9xico para garantizar el acceso universal a la salud y fortalecer la prevenci\u00f3n de enfermedades.<br><\/p>\n\n\n\n<p>La mandataria destac\u00f3 que el objetivo es ampliar la cobertura mediante la participaci\u00f3n de brigadas en territorio, as\u00ed como la aplicaci\u00f3n permanente de vacunas en centros de salud y hospitales.<br><\/p>\n\n\n\n<p>Subray\u00f3 que en los gobiernos de la Cuarta Transformaci\u00f3n se han impulsado acciones para fortalecer el sistema de salud, entre ellas la creaci\u00f3n de 4 mil 700 camas hospitalarias en siete a\u00f1os, con una meta de 12 mil al final del sexenio, as\u00ed como la incorporaci\u00f3n de 18 mil 962 especialistas en lo que va de 2026.<br><\/p>\n\n\n\n<figure class=\"wp-block-image size-large\"><img fetchpriority=\"high\" decoding=\"async\" width=\"1024\" height=\"506\" src=\"https:\/\/elinformante.mx\/wp-content\/uploads\/2026\/04\/3sheinbaum-2-1-1024x506.jpg\" alt=\"\" class=\"wp-image-104137\" srcset=\"https:\/\/elinformante.mx\/wp-content\/uploads\/2026\/04\/3sheinbaum-2-1-1024x506.jpg 1024w, https:\/\/elinformante.mx\/wp-content\/uploads\/2026\/04\/3sheinbaum-2-1-300x148.jpg 300w, https:\/\/elinformante.mx\/wp-content\/uploads\/2026\/04\/3sheinbaum-2-1-768x379.jpg 768w, https:\/\/elinformante.mx\/wp-content\/uploads\/2026\/04\/3sheinbaum-2-1.jpg 1140w\" sizes=\"(max-width: 1024px) 100vw, 1024px\" \/><figcaption class=\"wp-element-caption\">Cuauht\u00e9moc, Ciudad de M\u00e9xico. 28 de abril 2026. La presidenta constitucional de los Estados Unidos Mexicanos, la Doctora Claudia Sheinbaum Pardo en conferencia de prensa matutina en el sal\u00f3n de la Tesorer\u00eda de Palacio Nacional. La acompa\u00f1an: Marath Bola\u00f1os L\u00f3pez, secretario del Trabajo y Previsi\u00f3n Social; David Kershenobich, secretario de salud; Edurado Clark, subsecretario de Integraci\u00f3n y desarrollo del sector salud; Zo\u00e9 Alejandro Robledo Aburto, director general del Instituto Mexicano del Seguro Social (IMSS); Mart\u00ed Batres Guadarrama, director general del Instituto de Seguridad y Servicios Sociales de los Trabajadores del Estado (ISSSTE); Alejandro Svarch P\u00e9rez, director general de IMSS-Bienestar. Foto: Sa\u00fal L\u00f3pez Escorcia\/Presidencia<\/figcaption><\/figure>\n\n\n\n<p>El secretario de Salud, David Kershenobich, inform\u00f3 que al corte del 27 de abril se han aplicado 916 mil 258 dosis como parte de la 24\u00aa Semana Nacional de Vacunaci\u00f3n. Adem\u00e1s, destac\u00f3 la incorporaci\u00f3n por primera vez de la vacuna contra el virus sincicial respiratorio (VSR) para mujeres embarazadas entre las semanas 32 y 36 de gestaci\u00f3n, lo que permitir\u00e1 reducir hasta en 80 por ciento los casos graves en reci\u00e9n nacidos.<br><\/p>\n\n\n\n<p>La estrategia contempla esquemas de vacunaci\u00f3n para todos los grupos de edad, desde reci\u00e9n nacidos hasta adultos mayores, incluyendo protecci\u00f3n contra enfermedades como tuberculosis, hepatitis, sarampi\u00f3n, influenza, Covid-19 y virus del papiloma humano (VPH), entre otras.<br><\/p>\n\n\n\n<p>El Gobierno de M\u00e9xico reiter\u00f3 la importancia de la vacunaci\u00f3n como herramienta fundamental de salud p\u00fablica e invit\u00f3 a la poblaci\u00f3n a consultar los puntos de aplicaci\u00f3n disponibles a trav\u00e9s del portal oficial: dondemevacuno.salud.gob.mx.<\/p>\n","protected":false},"excerpt":{"rendered":"<p>Durante todo mayo se brindar\u00e1 atenci\u00f3n en centros de salud, hospitales y brigadas. La presidenta Claudia Sheinbaum Pardo anunci\u00f3 que la Semana Nacional de Vacunaci\u00f3n se extender\u00e1 durante todo el mes de mayo, como parte de la estrategia del Gobierno de M\u00e9xico para garantizar el acceso universal a la salud y fortalecer la prevenci\u00f3n de [&hellip;]<\/p>\n","protected":false},"author":1,"featured_media":104135,"comment_status":"closed","ping_status":"closed","sticky":false,"template":"","format":"standard","meta":{"footnotes":""},"categories":[34],"tags":[],"class_list":["post-104132","post","type-post","status-publish","format-standard","has-post-thumbnail","hentry","category-nacional"],"_links":{"self":[{"href":"https:\/\/elinformante.mx\/index.php?rest_route=\/wp\/v2\/posts\/104132","targetHints":{"allow":["GET"]}}],"collection":[{"href":"https:\/\/elinformante.mx\/index.php?rest_route=\/wp\/v2\/posts"}],"about":[{"href":"https:\/\/elinformante.mx\/index.php?rest_route=\/wp\/v2\/types\/post"}],"author":[{"embeddable":true,"href":"https:\/\/elinformante.mx\/index.php?rest_route=\/wp\/v2\/users\/1"}],"replies":[{"embeddable":true,"href":"https:\/\/elinformante.mx\/index.php?rest_route=%2Fwp%2Fv2%2Fcomments&post=104132"}],"version-history":[{"count":0,"href":"https:\/\/elinformante.mx\/index.php?rest_route=\/wp\/v2\/posts\/104132\/revisions"}],"wp:featuredmedia":[{"embeddable":true,"href":"https:\/\/elinformante.mx\/index.php?rest_route=\/wp\/v2\/media\/104135"}],"wp:attachment":[{"href":"https:\/\/elinformante.mx\/index.php?rest_route=%2Fwp%2Fv2%2Fmedia&parent=104132"}],"wp:term":[{"taxonomy":"category","embeddable":true,"href":"https:\/\/elinformante.mx\/index.php?rest_route=%2Fwp%2Fv2%2Fcategories&post=104132"},{"taxonomy":"post_tag","embeddable":true,"href":"https:\/\/elinformante.mx\/index.php?rest_route=%2Fwp%2Fv2%2Ftags&post=104132"}],"curies":[{"name":"wp","href":"https:\/\/api.w.org\/{rel}","templated":true}]}}