{"id":104140,"date":"2026-04-29T06:27:52","date_gmt":"2026-04-29T12:27:52","guid":{"rendered":"https:\/\/elinformante.mx\/?p=104140"},"modified":"2026-04-29T06:27:58","modified_gmt":"2026-04-29T12:27:58","slug":"veracruz-una-de-las-delegaciones-mas-activas-del-tianguis-turistico-rocio-nahle","status":"publish","type":"post","link":"https:\/\/elinformante.mx\/?p=104140","title":{"rendered":"Veracruz, una de las delegaciones m\u00e1s activas del Tianguis Tur\u00edstico: Roc\u00edo Nahle"},"content":{"rendered":"\n<figure class=\"wp-block-pullquote\"><blockquote><p>La Mandataria sostendr\u00e1 cinco reuniones estrat\u00e9gicas con aerol\u00edneas y cadenas hoteleras.<\/p><\/blockquote><\/figure>\n\n\n\n<p class=\"has-drop-cap\">\u201cVeracruz ya despeg\u00f3, est\u00e1 sonando, ya est\u00e1 en los escaparates y lo estamos posicionando como un destino atractivo para vacacionar, invertir y desarrollar proyectos\u201d\u201d, afirm\u00f3 la gobernadora Roc\u00edo Nahle Garc\u00eda, previo al inicio de la participaci\u00f3n del estado en la edici\u00f3n 50 del Tianguis Tur\u00edstico M\u00e9xico, que se realiza en Acapulco.<br><\/p>\n\n\n\n<p>Con una de las agendas m\u00e1s activas del pa\u00eds, la Mandataria sostendr\u00e1 cinco reuniones estrat\u00e9gicas con aerol\u00edneas y cadenas hoteleras, mientras que los titulares de las secretar\u00edas de Turismo y Cultura tienen agendados 54 encuentros de negocios con operadores tur\u00edsticos.<br><\/p>\n\n\n\n<p>Del 27 al 30 de abril, Veracruz presenta una oferta diversificada que incluye turismo arqueol\u00f3gico, comunitario y cultural, con regiones como Zongolica, Orizaba y la Huasteca, adem\u00e1s de un stand destacado con una r\u00e9plica de la Pir\u00e1mide del Taj\u00edn.<br><\/p>\n\n\n\n<p>Como parte de la estrategia para posicionar a Veracruz como un destino competitivo, anunci\u00f3 que el pasado 14 de abril inici\u00f3 la licitaci\u00f3n para la ampliaci\u00f3n del World Trade Center, ante la creciente demanda de congresos y exposiciones.<br><\/p>\n\n\n\n<p>La obra ser\u00e1 asignada a finales de mayo y se complementa con el desarrollo del puente de Boca del R\u00edo, as\u00ed como con mejoras en los servicios tur\u00edsticos, con \u00e9nfasis en movilidad y atenci\u00f3n al visitante.<br><\/p>\n\n\n\n<p>La participaci\u00f3n en el Tianguis Tur\u00edstico forma parte de una pol\u00edtica sostenida para impulsar la promoci\u00f3n del estado, fortalecer su presencia en los mercados nacional e internacional y detonar el desarrollo econ\u00f3mico a trav\u00e9s del turismo.<\/p>\n","protected":false},"excerpt":{"rendered":"<p>La Mandataria sostendr\u00e1 cinco reuniones estrat\u00e9gicas con aerol\u00edneas y cadenas hoteleras. \u201cVeracruz ya despeg\u00f3, est\u00e1 sonando, ya est\u00e1 en los escaparates y lo estamos posicionando como un destino atractivo para vacacionar, invertir y desarrollar proyectos\u201d\u201d, afirm\u00f3 la gobernadora Roc\u00edo Nahle Garc\u00eda, previo al inicio de la participaci\u00f3n del estado en la edici\u00f3n 50 del Tianguis [&hellip;]<\/p>\n","protected":false},"author":1,"featured_media":104143,"comment_status":"closed","ping_status":"closed","sticky":false,"template":"","format":"standard","meta":{"footnotes":""},"categories":[30,34],"tags":[],"class_list":["post-104140","post","type-post","status-publish","format-standard","has-post-thumbnail","hentry","category-destacado","category-nacional"],"_links":{"self":[{"href":"https:\/\/elinformante.mx\/index.php?rest_route=\/wp\/v2\/posts\/104140","targetHints":{"allow":["GET"]}}],"collection":[{"href":"https:\/\/elinformante.mx\/index.php?rest_route=\/wp\/v2\/posts"}],"about":[{"href":"https:\/\/elinformante.mx\/index.php?rest_route=\/wp\/v2\/types\/post"}],"author":[{"embeddable":true,"href":"https:\/\/elinformante.mx\/index.php?rest_route=\/wp\/v2\/users\/1"}],"replies":[{"embeddable":true,"href":"https:\/\/elinformante.mx\/index.php?rest_route=%2Fwp%2Fv2%2Fcomments&post=104140"}],"version-history":[{"count":0,"href":"https:\/\/elinformante.mx\/index.php?rest_route=\/wp\/v2\/posts\/104140\/revisions"}],"wp:featuredmedia":[{"embeddable":true,"href":"https:\/\/elinformante.mx\/index.php?rest_route=\/wp\/v2\/media\/104143"}],"wp:attachment":[{"href":"https:\/\/elinformante.mx\/index.php?rest_route=%2Fwp%2Fv2%2Fmedia&parent=104140"}],"wp:term":[{"taxonomy":"category","embeddable":true,"href":"https:\/\/elinformante.mx\/index.php?rest_route=%2Fwp%2Fv2%2Fcategories&post=104140"},{"taxonomy":"post_tag","embeddable":true,"href":"https:\/\/elinformante.mx\/index.php?rest_route=%2Fwp%2Fv2%2Ftags&post=104140"}],"curies":[{"name":"wp","href":"https:\/\/api.w.org\/{rel}","templated":true}]}}