{"id":104146,"date":"2026-04-29T06:43:49","date_gmt":"2026-04-29T12:43:49","guid":{"rendered":"https:\/\/elinformante.mx\/?p=104146"},"modified":"2026-04-29T06:43:58","modified_gmt":"2026-04-29T12:43:58","slug":"golpe-contundente-a-la-delincuencia-organizada-destaca-garcia-harfuch-tras-detenciones-clave","status":"publish","type":"post","link":"https:\/\/elinformante.mx\/?p=104146","title":{"rendered":"\u201cGOLPE CONTUNDENTE A LA DELINCUENCIA ORGANIZADA\u201d: DESTACA GARC\u00cdA HARFUCH TRAS DETENCIONES CLAVE"},"content":{"rendered":"\n<figure class=\"wp-block-pullquote\"><blockquote><p>La detenci\u00f3n de los dos operadores clave en Nayarit y Jalisco se da tras labores de inteligencia y coordinaci\u00f3n interinstitucional.<\/p><\/blockquote><\/figure>\n\n\n\n<p class=\"has-drop-cap\">El Gabinete de Seguridad del Gobierno de M\u00e9xico inform\u00f3 la detenci\u00f3n de dos objetivos prioritarios pertenecientes a una organizaci\u00f3n criminal con presencia en diversos estados del pa\u00eds y v\u00ednculos transnacionales, como resultado de operaciones de alto impacto realizadas en el marco de la Estrategia Nacional de Seguridad.<br><\/p>\n\n\n\n<p>El secretario de Seguridad y Protecci\u00f3n Ciudadana, Omar Garc\u00eda Harfuch, detall\u00f3 que, derivado de trabajos de inteligencia de gabinete y campo, elementos de la Secretar\u00eda de Marina lograron en Nayarit la captura de Audias \u201cN\u201d, alias \u201cEl Jardinero\u201d, identificado como ex jefe de seguridad y persona de confianza de Rub\u00e9n Oseguera \u201cN\u201d, alias \u201cEl Mencho\u201d.<br><\/p>\n\n\n\n<figure class=\"wp-block-image size-large\"><img fetchpriority=\"high\" decoding=\"async\" width=\"1024\" height=\"506\" src=\"https:\/\/elinformante.mx\/wp-content\/uploads\/2026\/04\/9omar-3-1-1024x506.jpg\" alt=\"\" class=\"wp-image-104150\" srcset=\"https:\/\/elinformante.mx\/wp-content\/uploads\/2026\/04\/9omar-3-1-1024x506.jpg 1024w, https:\/\/elinformante.mx\/wp-content\/uploads\/2026\/04\/9omar-3-1-300x148.jpg 300w, https:\/\/elinformante.mx\/wp-content\/uploads\/2026\/04\/9omar-3-1-768x379.jpg 768w, https:\/\/elinformante.mx\/wp-content\/uploads\/2026\/04\/9omar-3-1.jpg 1140w\" sizes=\"(max-width: 1024px) 100vw, 1024px\" \/><\/figure>\n\n\n\n<p>Explic\u00f3 que el detenido consolid\u00f3 durante m\u00e1s de dos d\u00e9cadas una estructura regional con capacidad para coordinar la producci\u00f3n y el trasiego de drogas, operar laboratorios clandestinos de metanfetamina, as\u00ed como controlar rutas log\u00edsticas para el env\u00edo de narc\u00f3ticos hacia el extranjero. Adem\u00e1s, dicha organizaci\u00f3n obten\u00eda recursos il\u00edcitos mediante diversas actividades delictivas, entre ellas narcomenudeo, secuestro, extorsi\u00f3n, tr\u00e1fico de armas y robo de hidrocarburos.<br><\/p>\n\n\n\n<p>Como parte del seguimiento operativo y financiero a esta estructura criminal, en Zapopan, Jalisco, fue detenido C\u00e9sar \u201cN\u201d, alias \u201cG\u00fcero Conta\u201d, se\u00f1alado como principal operador financiero y colaborador cercano de Audias \u201cN\u201d. De acuerdo con las autoridades, era responsable del manejo de recursos il\u00edcitos destinados a la adquisici\u00f3n de armamento, aeronaves y propiedades, as\u00ed como de la operaci\u00f3n de esquemas de lavado de dinero mediante empresas fachada.<br><\/p>\n\n\n\n<figure class=\"wp-block-image size-large\"><img decoding=\"async\" width=\"1024\" height=\"506\" src=\"https:\/\/elinformante.mx\/wp-content\/uploads\/2026\/04\/9omar-2-1-1024x506.jpg\" alt=\"\" class=\"wp-image-104151\" srcset=\"https:\/\/elinformante.mx\/wp-content\/uploads\/2026\/04\/9omar-2-1-1024x506.jpg 1024w, https:\/\/elinformante.mx\/wp-content\/uploads\/2026\/04\/9omar-2-1-300x148.jpg 300w, https:\/\/elinformante.mx\/wp-content\/uploads\/2026\/04\/9omar-2-1-768x379.jpg 768w, https:\/\/elinformante.mx\/wp-content\/uploads\/2026\/04\/9omar-2-1.jpg 1140w\" sizes=\"(max-width: 1024px) 100vw, 1024px\" \/><\/figure>\n\n\n\n<p>Tras estas acciones, el Gabinete de Seguridad reforz\u00f3 la presencia operativa en la regi\u00f3n con el despliegue de cerca de 4 mil elementos federales, estatales y municipales en puntos estrat\u00e9gicos de Jalisco, as\u00ed como en el estado de Nayarit, con el objetivo de prevenir reacciones delictivas y garantizar la seguridad de la poblaci\u00f3n.<br><\/p>\n\n\n\n<p>El secretario de Marina, Pedro Raymundo Morales \u00c1ngeles, inform\u00f3 que la captura de Audias \u201cN\u201d fue resultado de 19 meses de labores de inteligencia y coordinaci\u00f3n interinstitucional, logrando su detenci\u00f3n sin que se registraran personas lesionadas o fallecidas. Asimismo, destac\u00f3 que el detenido cuenta con \u00f3rdenes judiciales vigentes en M\u00e9xico y una orden de extradici\u00f3n por parte de autoridades de Estados Unidos.<br><\/p>\n\n\n\n<figure class=\"wp-block-image size-large\"><img decoding=\"async\" width=\"1024\" height=\"506\" src=\"https:\/\/elinformante.mx\/wp-content\/uploads\/2026\/04\/9omar-3-a-1024x506.jpg\" alt=\"\" class=\"wp-image-104152\" srcset=\"https:\/\/elinformante.mx\/wp-content\/uploads\/2026\/04\/9omar-3-a-1024x506.jpg 1024w, https:\/\/elinformante.mx\/wp-content\/uploads\/2026\/04\/9omar-3-a-300x148.jpg 300w, https:\/\/elinformante.mx\/wp-content\/uploads\/2026\/04\/9omar-3-a-768x379.jpg 768w, https:\/\/elinformante.mx\/wp-content\/uploads\/2026\/04\/9omar-3-a.jpg 1140w\" sizes=\"(max-width: 1024px) 100vw, 1024px\" \/><\/figure>\n\n\n\n<p>El secretario de la Defensa Nacional, Ricardo Trevilla Trejo, subray\u00f3 la eficacia de la coordinaci\u00f3n entre las instituciones del Gabinete de Seguridad, lo que permiti\u00f3 ejecutar operativos simult\u00e1neos y asegurar diversos indicios, entre ellos armamento, droga, dinero en efectivo y equipos de comunicaci\u00f3n.<br><\/p>\n\n\n\n<p>Estas acciones representan un avance significativo en el combate a la delincuencia organizada y refrendan el compromiso del Gobierno de M\u00e9xico para debilitar las estructuras criminales que afectan la seguridad y la paz en el pa\u00eds.<\/p>\n","protected":false},"excerpt":{"rendered":"<p>La detenci\u00f3n de los dos operadores clave en Nayarit y Jalisco se da tras labores de inteligencia y coordinaci\u00f3n interinstitucional. El Gabinete de Seguridad del Gobierno de M\u00e9xico inform\u00f3 la detenci\u00f3n de dos objetivos prioritarios pertenecientes a una organizaci\u00f3n criminal con presencia en diversos estados del pa\u00eds y v\u00ednculos transnacionales, como resultado de operaciones de [&hellip;]<\/p>\n","protected":false},"author":1,"featured_media":104149,"comment_status":"closed","ping_status":"closed","sticky":false,"template":"","format":"standard","meta":{"footnotes":""},"categories":[30,34,31],"tags":[47],"class_list":["post-104146","post","type-post","status-publish","format-standard","has-post-thumbnail","hentry","category-destacado","category-nacional","category-portada","tag-portadanacional"],"_links":{"self":[{"href":"https:\/\/elinformante.mx\/index.php?rest_route=\/wp\/v2\/posts\/104146","targetHints":{"allow":["GET"]}}],"collection":[{"href":"https:\/\/elinformante.mx\/index.php?rest_route=\/wp\/v2\/posts"}],"about":[{"href":"https:\/\/elinformante.mx\/index.php?rest_route=\/wp\/v2\/types\/post"}],"author":[{"embeddable":true,"href":"https:\/\/elinformante.mx\/index.php?rest_route=\/wp\/v2\/users\/1"}],"replies":[{"embeddable":true,"href":"https:\/\/elinformante.mx\/index.php?rest_route=%2Fwp%2Fv2%2Fcomments&post=104146"}],"version-history":[{"count":0,"href":"https:\/\/elinformante.mx\/index.php?rest_route=\/wp\/v2\/posts\/104146\/revisions"}],"wp:featuredmedia":[{"embeddable":true,"href":"https:\/\/elinformante.mx\/index.php?rest_route=\/wp\/v2\/media\/104149"}],"wp:attachment":[{"href":"https:\/\/elinformante.mx\/index.php?rest_route=%2Fwp%2Fv2%2Fmedia&parent=104146"}],"wp:term":[{"taxonomy":"category","embeddable":true,"href":"https:\/\/elinformante.mx\/index.php?rest_route=%2Fwp%2Fv2%2Fcategories&post=104146"},{"taxonomy":"post_tag","embeddable":true,"href":"https:\/\/elinformante.mx\/index.php?rest_route=%2Fwp%2Fv2%2Ftags&post=104146"}],"curies":[{"name":"wp","href":"https:\/\/api.w.org\/{rel}","templated":true}]}}