{"id":104154,"date":"2026-04-29T11:21:14","date_gmt":"2026-04-29T17:21:14","guid":{"rendered":"https:\/\/elinformante.mx\/?p=104154"},"modified":"2026-04-29T11:21:20","modified_gmt":"2026-04-29T17:21:20","slug":"ni-m4dres-me-voy-a-retirar-chicharito-responde-a-rumores-sobre-su-futuro","status":"publish","type":"post","link":"https:\/\/elinformante.mx\/?p=104154","title":{"rendered":"&#8220;Ni m4dres me voy a retirar&#8221;: Chicharito responde a rumores sobre su futuro"},"content":{"rendered":"\n<p>El delantero Javier Hern\u00e1ndez dej\u00f3 claro que no contempla el retiro, pese a las especulaciones que surgieron en d\u00edas recientes sobre el fin de su carrera profesional.<\/p>\n\n\n\n<p>A trav\u00e9s de un video publicado en sus redes sociales, el m\u00e1ximo goleador hist\u00f3rico de la Selecci\u00f3n Mexicana jug\u00f3 con la incertidumbre al insinuar inicialmente su despedida, para luego desmentirlo de forma contundente con un mensaje que r\u00e1pidamente se volvi\u00f3 viral.<\/p>\n\n\n\n<p>El material muestra un recorrido por los momentos m\u00e1s destacados de su trayectoria, incluyendo etapas con el Manchester United, Real Madrid y Chivas, reforzando su legado en el futbol internacional.<\/p>\n\n\n\n<figure class=\"wp-block-video aligncenter\"><video height=\"1080\" style=\"aspect-ratio: 1920 \/ 1080;\" width=\"1920\" controls src=\"https:\/\/elinformante.mx\/wp-content\/uploads\/2026\/04\/EIM-horizontal-3.mp4\"><\/video><figcaption class=\"wp-element-caption\">VIDEO: Instagram, v\u00eda @ch14_<\/figcaption><\/figure>\n\n\n\n<p>Actualmente, el atacante se encuentra sin equipo desde finales de 2025, luego de su salida de Chivas tras un torneo marcado por lesiones y bajo rendimiento, lo que aliment\u00f3 las versiones sobre su posible retiro.<\/p>\n\n\n\n<p>Su \u00faltimo partido oficial fue en noviembre de ese a\u00f1o, en un duelo ante Cruz Azul, donde un penal fallado marc\u00f3 su despedida del club rojiblanco.<\/p>\n\n\n\n<p>Pese a la falta de actividad reciente, Hern\u00e1ndez asegur\u00f3 que a\u00fan tiene planes de continuar su carrera, dejando abierta la posibilidad de firmar con un nuevo equipo en los pr\u00f3ximos meses.<\/p>\n\n\n\n<p>Adem\u00e1s, el delantero participar\u00e1 como comentarista durante el Mundial 2026, lo que hab\u00eda incrementado las dudas sobre su continuidad como jugador activo.<\/p>\n\n\n\n<p>Con este mensaje, \u201cChicharito\u201d reafirma su intenci\u00f3n de seguir compitiendo, manteni\u00e9ndose como una de las figuras m\u00e1s representativas del futbol mexicano.<\/p>\n","protected":false},"excerpt":{"rendered":"<p>El delantero Javier Hern\u00e1ndez dej\u00f3 claro que no contempla el retiro, pese a las especulaciones que surgieron en d\u00edas recientes sobre el fin de su carrera profesional. A trav\u00e9s de un video publicado en sus redes sociales, el m\u00e1ximo goleador hist\u00f3rico de la Selecci\u00f3n Mexicana jug\u00f3 con la incertidumbre al insinuar inicialmente su despedida, para [&hellip;]<\/p>\n","protected":false},"author":2,"featured_media":104155,"comment_status":"closed","ping_status":"closed","sticky":false,"template":"","format":"standard","meta":{"footnotes":""},"categories":[38,39],"tags":[1097,1093,358,413,1095,1096,203,1094,1092,183],"class_list":["post-104154","post","type-post","status-publish","format-standard","has-post-thumbnail","hentry","category-deportes","category-espectaculos","tag-carrera-deportiva","tag-chicharito","tag-chivas","tag-futbol-mexicano-2","tag-javier-hernandez","tag-manchester-united","tag-mundial-2026","tag-real-madrid","tag-retiro","tag-seleccion-mexicana"],"_links":{"self":[{"href":"https:\/\/elinformante.mx\/index.php?rest_route=\/wp\/v2\/posts\/104154","targetHints":{"allow":["GET"]}}],"collection":[{"href":"https:\/\/elinformante.mx\/index.php?rest_route=\/wp\/v2\/posts"}],"about":[{"href":"https:\/\/elinformante.mx\/index.php?rest_route=\/wp\/v2\/types\/post"}],"author":[{"embeddable":true,"href":"https:\/\/elinformante.mx\/index.php?rest_route=\/wp\/v2\/users\/2"}],"replies":[{"embeddable":true,"href":"https:\/\/elinformante.mx\/index.php?rest_route=%2Fwp%2Fv2%2Fcomments&post=104154"}],"version-history":[{"count":0,"href":"https:\/\/elinformante.mx\/index.php?rest_route=\/wp\/v2\/posts\/104154\/revisions"}],"wp:featuredmedia":[{"embeddable":true,"href":"https:\/\/elinformante.mx\/index.php?rest_route=\/wp\/v2\/media\/104155"}],"wp:attachment":[{"href":"https:\/\/elinformante.mx\/index.php?rest_route=%2Fwp%2Fv2%2Fmedia&parent=104154"}],"wp:term":[{"taxonomy":"category","embeddable":true,"href":"https:\/\/elinformante.mx\/index.php?rest_route=%2Fwp%2Fv2%2Fcategories&post=104154"},{"taxonomy":"post_tag","embeddable":true,"href":"https:\/\/elinformante.mx\/index.php?rest_route=%2Fwp%2Fv2%2Ftags&post=104154"}],"curies":[{"name":"wp","href":"https:\/\/api.w.org\/{rel}","templated":true}]}}