{"id":104158,"date":"2026-04-29T13:21:44","date_gmt":"2026-04-29T19:21:44","guid":{"rendered":"https:\/\/elinformante.mx\/?p=104158"},"modified":"2026-04-29T13:21:49","modified_gmt":"2026-04-29T19:21:49","slug":"mohamed-y-gallardo-respaldan-a-marcel-ruiz-tras-quedar-fuera-del-mundial-2026","status":"publish","type":"post","link":"https:\/\/elinformante.mx\/?p=104158","title":{"rendered":"Mohamed y Gallardo respaldan a Marcel Ruiz tras quedar fuera del Mundial 2026"},"content":{"rendered":"\n<p>La ausencia de Marcel Ruiz en la primera convocatoria de Javier Aguirre rumbo al Mundial 2026 gener\u00f3 reacciones inmediatas dentro de Toluca, donde tanto el t\u00e9cnico como sus compa\u00f1eros lamentaron la decisi\u00f3n.<\/p>\n\n\n\n<p>El estratega escarlata, Antonio Mohamed, expres\u00f3 que en el club esperaban que al menos cuatro jugadores fueran considerados por la Selecci\u00f3n Mexicana, aunque finalmente solo dos fueron incluidos en la lista.<\/p>\n\n\n\n<p>Mohamed destac\u00f3 el esfuerzo de Marcel Ruiz, quien incluso habr\u00eda pospuesto una intervenci\u00f3n m\u00e9dica para mantenerse en actividad con la intenci\u00f3n de ser tomado en cuenta, lo que hizo a\u00fan m\u00e1s sorpresiva su ausencia en el llamado del Tri.<\/p>\n\n\n\n<p>El t\u00e9cnico argentino evit\u00f3 cuestionar directamente las decisiones del cuerpo t\u00e9cnico nacional, pero reconoci\u00f3 que se trata de una baja sensible, calificando como \u201cuna l\u00e1stima\u201d que el mediocampista no forme parte del proceso rumbo a la Copa del Mundo.<\/p>\n\n\n\n<p>Por su parte, el lateral Jes\u00fas Gallardo tambi\u00e9n se pronunci\u00f3 al respecto, asegurando que tanto Ruiz como Everardo L\u00f3pez merec\u00edan un lugar en la convocatoria, aunque reconoci\u00f3 que este tipo de decisiones forman parte del futbol.<\/p>\n\n\n\n<p>A pesar de la situaci\u00f3n, ambos coincidieron en que la permanencia de estos jugadores en Toluca ser\u00e1 clave para afrontar los compromisos del club, incluyendo la Concachampions y la Liguilla del Clausura 2026.<\/p>\n","protected":false},"excerpt":{"rendered":"<p>La ausencia de Marcel Ruiz en la primera convocatoria de Javier Aguirre rumbo al Mundial 2026 gener\u00f3 reacciones inmediatas dentro de Toluca, donde tanto el t\u00e9cnico como sus compa\u00f1eros lamentaron la decisi\u00f3n. El estratega escarlata, Antonio Mohamed, expres\u00f3 que en el club esperaban que al menos cuatro jugadores fueran considerados por la Selecci\u00f3n Mexicana, aunque [&hellip;]<\/p>\n","protected":false},"author":2,"featured_media":104161,"comment_status":"closed","ping_status":"closed","sticky":false,"template":"","format":"standard","meta":{"footnotes":""},"categories":[38],"tags":[973,1074,413,187,1098,282,615,203,183,813],"class_list":["post-104158","post","type-post","status-publish","format-standard","has-post-thumbnail","hentry","category-deportes","tag-antonio-mohamed","tag-convocatoria","tag-futbol-mexicano-2","tag-javier-aguirre","tag-jesus-gallardo","tag-liga-mx","tag-marcel-ruiz","tag-mundial-2026","tag-seleccion-mexicana","tag-toluca"],"_links":{"self":[{"href":"https:\/\/elinformante.mx\/index.php?rest_route=\/wp\/v2\/posts\/104158","targetHints":{"allow":["GET"]}}],"collection":[{"href":"https:\/\/elinformante.mx\/index.php?rest_route=\/wp\/v2\/posts"}],"about":[{"href":"https:\/\/elinformante.mx\/index.php?rest_route=\/wp\/v2\/types\/post"}],"author":[{"embeddable":true,"href":"https:\/\/elinformante.mx\/index.php?rest_route=\/wp\/v2\/users\/2"}],"replies":[{"embeddable":true,"href":"https:\/\/elinformante.mx\/index.php?rest_route=%2Fwp%2Fv2%2Fcomments&post=104158"}],"version-history":[{"count":0,"href":"https:\/\/elinformante.mx\/index.php?rest_route=\/wp\/v2\/posts\/104158\/revisions"}],"wp:featuredmedia":[{"embeddable":true,"href":"https:\/\/elinformante.mx\/index.php?rest_route=\/wp\/v2\/media\/104161"}],"wp:attachment":[{"href":"https:\/\/elinformante.mx\/index.php?rest_route=%2Fwp%2Fv2%2Fmedia&parent=104158"}],"wp:term":[{"taxonomy":"category","embeddable":true,"href":"https:\/\/elinformante.mx\/index.php?rest_route=%2Fwp%2Fv2%2Fcategories&post=104158"},{"taxonomy":"post_tag","embeddable":true,"href":"https:\/\/elinformante.mx\/index.php?rest_route=%2Fwp%2Fv2%2Ftags&post=104158"}],"curies":[{"name":"wp","href":"https:\/\/api.w.org\/{rel}","templated":true}]}}