{"id":104159,"date":"2026-04-29T12:51:22","date_gmt":"2026-04-29T18:51:22","guid":{"rendered":"https:\/\/elinformante.mx\/?p=104159"},"modified":"2026-04-29T12:51:24","modified_gmt":"2026-04-29T18:51:24","slug":"indigna-video-en-san-mateo-atenco-de-sujeto-b-do-de-u-perr","status":"publish","type":"post","link":"https:\/\/elinformante.mx\/?p=104159","title":{"rendered":"INDIGNA VIDEO EN SAN MATEO ATENCO DE SUJETO @B&#8230;.DO DE U PERR"},"content":{"rendered":"\n<p>Un video es testimonial de c\u00f3mo una persona se se encontraba v.\u00a10.l*.nd.0 un perrito y los polic\u00edas lo detuvieron. Esto ocurri\u00f3 en la avenida Las Torres, en la colonia \u00c1lvaro Obreg\u00f3n, frente de los tacos &#8220;El Carboncito&#8221;, en #SanMateoAtenco<\/p>\n\n\n\n<figure class=\"wp-block-video\"><video height=\"788\" style=\"aspect-ratio: 940 \/ 788;\" width=\"940\" controls src=\"https:\/\/elinformante.mx\/wp-content\/uploads\/2026\/04\/EDOMEX-2.mp4\"><\/video><\/figure>\n","protected":false},"excerpt":{"rendered":"<p>Un video es testimonial de c\u00f3mo una persona se se encontraba v.\u00a10.l*.nd.0 un perrito y los polic\u00edas lo detuvieron. Esto ocurri\u00f3 en la avenida Las Torres, en la colonia \u00c1lvaro Obreg\u00f3n, frente de los tacos &#8220;El Carboncito&#8221;, en #SanMateoAtenco<\/p>\n","protected":false},"author":2,"featured_media":0,"comment_status":"closed","ping_status":"closed","sticky":false,"template":"","format":"standard","meta":{"footnotes":""},"categories":[36],"tags":[],"class_list":["post-104159","post","type-post","status-publish","format-standard","hentry","category-edomex"],"_links":{"self":[{"href":"https:\/\/elinformante.mx\/index.php?rest_route=\/wp\/v2\/posts\/104159","targetHints":{"allow":["GET"]}}],"collection":[{"href":"https:\/\/elinformante.mx\/index.php?rest_route=\/wp\/v2\/posts"}],"about":[{"href":"https:\/\/elinformante.mx\/index.php?rest_route=\/wp\/v2\/types\/post"}],"author":[{"embeddable":true,"href":"https:\/\/elinformante.mx\/index.php?rest_route=\/wp\/v2\/users\/2"}],"replies":[{"embeddable":true,"href":"https:\/\/elinformante.mx\/index.php?rest_route=%2Fwp%2Fv2%2Fcomments&post=104159"}],"version-history":[{"count":0,"href":"https:\/\/elinformante.mx\/index.php?rest_route=\/wp\/v2\/posts\/104159\/revisions"}],"wp:attachment":[{"href":"https:\/\/elinformante.mx\/index.php?rest_route=%2Fwp%2Fv2%2Fmedia&parent=104159"}],"wp:term":[{"taxonomy":"category","embeddable":true,"href":"https:\/\/elinformante.mx\/index.php?rest_route=%2Fwp%2Fv2%2Fcategories&post=104159"},{"taxonomy":"post_tag","embeddable":true,"href":"https:\/\/elinformante.mx\/index.php?rest_route=%2Fwp%2Fv2%2Ftags&post=104159"}],"curies":[{"name":"wp","href":"https:\/\/api.w.org\/{rel}","templated":true}]}}