{"id":104166,"date":"2026-04-29T16:57:44","date_gmt":"2026-04-29T22:57:44","guid":{"rendered":"https:\/\/elinformante.mx\/?p=104166"},"modified":"2026-04-29T16:57:47","modified_gmt":"2026-04-29T22:57:47","slug":"arbitro-queda-fuera-de-la-liguilla-tras-polemica-en-america-vs-atlas","status":"publish","type":"post","link":"https:\/\/elinformante.mx\/?p=104166","title":{"rendered":"\u00c1rbitro queda fuera de la Liguilla tras pol\u00e9mica en Am\u00e9rica vs Atlas"},"content":{"rendered":"\n<p>La pol\u00e9mica arbitral vuelve a sacudir a la Liga MX luego de que se revelara que el silbante V\u00edctor C\u00e1ceres no ser\u00e1 considerado para la Liguilla del Clausura 2026 tras un error en el duelo entre Club Am\u00e9rica y Atlas.<\/p>\n\n\n\n<p>La informaci\u00f3n fue dada a conocer por el periodista David Medrano, quien explic\u00f3 que la decisi\u00f3n se tom\u00f3 luego de una jugada clave en la que el \u00e1rbitro ignor\u00f3 una indicaci\u00f3n del VAR durante la ejecuci\u00f3n de un penal.<\/p>\n\n\n\n<p>De acuerdo con el reporte, tras la atajada del arquero Camilo Vargas, el sistema de videoarbitraje solicit\u00f3 al central que no reanudara el juego debido a una posible infracci\u00f3n. Sin embargo, C\u00e1ceres decidi\u00f3 continuar con el partido, lo que deriv\u00f3 en su sanci\u00f3n.<\/p>\n\n\n\n<figure class=\"wp-block-embed aligncenter is-type-rich is-provider-twitter wp-block-embed-twitter\"><div class=\"wp-block-embed__wrapper\">\n<blockquote class=\"twitter-tweet\" data-width=\"550\" data-dnt=\"true\"><p lang=\"es\" dir=\"ltr\">SE EQUIVOC\u00d3 VS AMERICA<br>En el Am\u00e9rica vs Atlas, el VAR despu\u00e9s del penalti fallado le indic\u00f3 a V\u00edctor C\u00e1ceres que no reanudara ya que se estaba analizado una posible infracci\u00f3n de Camilo Vargas. El silbante no hizo caso y reanud\u00f3 . Hoy le informaron que est\u00e1 fuera de la Liguilla. <a href=\"https:\/\/t.co\/WzbRdY1mnt\">pic.twitter.com\/WzbRdY1mnt<\/a><\/p>&mdash; david medrano felix (@medranoazteca) <a href=\"https:\/\/twitter.com\/medranoazteca\/status\/2049290585383604249?ref_src=twsrc%5Etfw\">April 29, 2026<\/a><\/blockquote><script async src=\"https:\/\/platform.twitter.com\/widgets.js\" charset=\"utf-8\"><\/script>\n<\/div><\/figure>\n\n\n\n<p>El error fue considerado grave dentro de la evaluaci\u00f3n arbitral, ya que pudo influir directamente en el desarrollo del encuentro, afectando al conjunto azulcrema en una jugada determinante.<\/p>\n\n\n\n<p>Hasta el momento, no se ha especificado si la exclusi\u00f3n del \u00e1rbitro ser\u00e1 por toda la fase final o \u00fanicamente para los primeros partidos, aunque su ausencia ya genera debate sobre los criterios de designaci\u00f3n arbitral.<\/p>\n\n\n\n<p>Este caso reaviva la discusi\u00f3n sobre el uso del VAR y la toma de decisiones en momentos clave, especialmente en instancias donde cada jugada puede definir el rumbo de los equipos en la competencia.<\/p>\n","protected":false},"excerpt":{"rendered":"<p>La pol\u00e9mica arbitral vuelve a sacudir a la Liga MX luego de que se revelara que el silbante V\u00edctor C\u00e1ceres no ser\u00e1 considerado para la Liguilla del Clausura 2026 tras un error en el duelo entre Club Am\u00e9rica y Atlas. La informaci\u00f3n fue dada a conocer por el periodista David Medrano, quien explic\u00f3 que la [&hellip;]<\/p>\n","protected":false},"author":2,"featured_media":104167,"comment_status":"closed","ping_status":"closed","sticky":false,"template":"","format":"standard","meta":{"footnotes":""},"categories":[38],"tags":[1106,1104,1105,286,1110,413,282,1109,1107,1108],"class_list":["post-104166","post","type-post","status-publish","format-standard","has-post-thumbnail","hentry","category-deportes","tag-america","tag-arbitro","tag-atlas","tag-clausura-2026","tag-david-medrano","tag-futbol-mexicano-2","tag-liga-mx","tag-polemica-arbitral","tag-var","tag-victor-caceres"],"_links":{"self":[{"href":"https:\/\/elinformante.mx\/index.php?rest_route=\/wp\/v2\/posts\/104166","targetHints":{"allow":["GET"]}}],"collection":[{"href":"https:\/\/elinformante.mx\/index.php?rest_route=\/wp\/v2\/posts"}],"about":[{"href":"https:\/\/elinformante.mx\/index.php?rest_route=\/wp\/v2\/types\/post"}],"author":[{"embeddable":true,"href":"https:\/\/elinformante.mx\/index.php?rest_route=\/wp\/v2\/users\/2"}],"replies":[{"embeddable":true,"href":"https:\/\/elinformante.mx\/index.php?rest_route=%2Fwp%2Fv2%2Fcomments&post=104166"}],"version-history":[{"count":0,"href":"https:\/\/elinformante.mx\/index.php?rest_route=\/wp\/v2\/posts\/104166\/revisions"}],"wp:featuredmedia":[{"embeddable":true,"href":"https:\/\/elinformante.mx\/index.php?rest_route=\/wp\/v2\/media\/104167"}],"wp:attachment":[{"href":"https:\/\/elinformante.mx\/index.php?rest_route=%2Fwp%2Fv2%2Fmedia&parent=104166"}],"wp:term":[{"taxonomy":"category","embeddable":true,"href":"https:\/\/elinformante.mx\/index.php?rest_route=%2Fwp%2Fv2%2Fcategories&post=104166"},{"taxonomy":"post_tag","embeddable":true,"href":"https:\/\/elinformante.mx\/index.php?rest_route=%2Fwp%2Fv2%2Ftags&post=104166"}],"curies":[{"name":"wp","href":"https:\/\/api.w.org\/{rel}","templated":true}]}}