{"id":104202,"date":"2026-04-30T06:15:20","date_gmt":"2026-04-30T12:15:20","guid":{"rendered":"https:\/\/elinformante.mx\/?p=104202"},"modified":"2026-04-30T06:15:27","modified_gmt":"2026-04-30T12:15:27","slug":"gem-instalo-el-consejo-consultivo-para-proteger-a-periodistas-y-defensores-de-derechos-humanos","status":"publish","type":"post","link":"https:\/\/elinformante.mx\/?p=104202","title":{"rendered":"GEM instal\u00f3 el Consejo Consultivo para proteger a periodistas y defensores de derechos humanos"},"content":{"rendered":"\n<figure class=\"wp-block-pullquote\"><blockquote><p>Rinden protesta 26 integrantes que fortalecer\u00e1n pol\u00edticas p\u00fablicas en favor de la libertad de expresi\u00f3n.<\/p><\/blockquote><\/figure>\n\n\n\n<p class=\"has-drop-cap\">El Gobierno del Estado de M\u00e9xico instal\u00f3 el Consejo Consultivo del Mecanismo para la Protecci\u00f3n de Periodistas y Personas Defensoras de Derechos Humanos, integrado por 26 representantes \u201413 titulares y 13 suplentes\u2014 que desempe\u00f1ar\u00e1n funciones durante los pr\u00f3ximos cuatro a\u00f1os.<br><\/p>\n\n\n\n<p>Este \u00f3rgano tiene como objetivo fortalecer la coordinaci\u00f3n interinstitucional y consolidar pol\u00edticas p\u00fablicas que garanticen la integridad, seguridad y condiciones adecuadas para el ejercicio de la libertad de expresi\u00f3n y la defensa de los derechos humanos en la entidad.<br><\/p>\n\n\n\n<p>Durante la toma de protesta, el Consejero Jur\u00eddico del Gobierno estatal, Jes\u00fas George Zamora, subray\u00f3 que proteger a quienes alzan la voz frente a la injusticia es fundamental para fortalecer la democracia, ampliar libertades y garantizar la rendici\u00f3n de cuentas.<br><\/p>\n\n\n\n<p>Destac\u00f3 que, como parte de la pol\u00edtica p\u00fablica impulsada por la Gobernadora Delfina G\u00f3mez \u00c1lvarez, se han implementado m\u00e1s de mil 600 medidas de protecci\u00f3n, se ha capacitado a m\u00e1s de 70 mil personas \u2014incluidos cuerpos de seguridad en zonas de riesgo\u2014 y se han establecido 36 convenios interinstitucionales para atender de manera oportuna situaciones de vulnerabilidad.<br><\/p>\n\n\n\n<p>Asimismo, resalt\u00f3 avances significativos como la incorporaci\u00f3n, por primera vez, de periodistas a servicios de salud mediante 128 afiliaciones al IMSS-Bienestar y 17 al esquema del IMSS para trabajadores independientes, adem\u00e1s del impulso de reformas legales orientadas a fortalecer la protecci\u00f3n y bienestar de estos sectores.<br><\/p>\n\n\n\n<p>El titular de la Coordinaci\u00f3n Ejecutiva del Mecanismo, Israel Hern\u00e1ndez Sosa, inform\u00f3 que las y los integrantes del Consejo provienen de 12 municipios, lo que permitir\u00e1 una representaci\u00f3n territorial amplia y cercana a las necesidades reales de la poblaci\u00f3n.<br><\/p>\n\n\n\n<p>En su primera sesi\u00f3n, el Consejo design\u00f3 como presidente a Manuel Alejandro Carrillo Segovia; como secretaria a Fabiola Vite Torres; y como integrantes de la Junta de Gobierno a Juan Antonio Mondrag\u00f3n Miramontes y Maricruz Rivera Garz\u00f3n.<br><\/p>\n\n\n\n<p>Autoridades estatales y organismos de derechos humanos reiteraron que este mecanismo representa un avance hacia una pol\u00edtica integral, con visi\u00f3n de largo plazo, que garantice condiciones dignas y seguras para periodistas y personas defensoras.<\/p>\n","protected":false},"excerpt":{"rendered":"<p>Rinden protesta 26 integrantes que fortalecer\u00e1n pol\u00edticas p\u00fablicas en favor de la libertad de expresi\u00f3n. El Gobierno del Estado de M\u00e9xico instal\u00f3 el Consejo Consultivo del Mecanismo para la Protecci\u00f3n de Periodistas y Personas Defensoras de Derechos Humanos, integrado por 26 representantes \u201413 titulares y 13 suplentes\u2014 que desempe\u00f1ar\u00e1n funciones durante los pr\u00f3ximos cuatro a\u00f1os. [&hellip;]<\/p>\n","protected":false},"author":1,"featured_media":104205,"comment_status":"closed","ping_status":"closed","sticky":false,"template":"","format":"standard","meta":{"footnotes":""},"categories":[30,36],"tags":[],"class_list":["post-104202","post","type-post","status-publish","format-standard","has-post-thumbnail","hentry","category-destacado","category-edomex"],"_links":{"self":[{"href":"https:\/\/elinformante.mx\/index.php?rest_route=\/wp\/v2\/posts\/104202","targetHints":{"allow":["GET"]}}],"collection":[{"href":"https:\/\/elinformante.mx\/index.php?rest_route=\/wp\/v2\/posts"}],"about":[{"href":"https:\/\/elinformante.mx\/index.php?rest_route=\/wp\/v2\/types\/post"}],"author":[{"embeddable":true,"href":"https:\/\/elinformante.mx\/index.php?rest_route=\/wp\/v2\/users\/1"}],"replies":[{"embeddable":true,"href":"https:\/\/elinformante.mx\/index.php?rest_route=%2Fwp%2Fv2%2Fcomments&post=104202"}],"version-history":[{"count":0,"href":"https:\/\/elinformante.mx\/index.php?rest_route=\/wp\/v2\/posts\/104202\/revisions"}],"wp:featuredmedia":[{"embeddable":true,"href":"https:\/\/elinformante.mx\/index.php?rest_route=\/wp\/v2\/media\/104205"}],"wp:attachment":[{"href":"https:\/\/elinformante.mx\/index.php?rest_route=%2Fwp%2Fv2%2Fmedia&parent=104202"}],"wp:term":[{"taxonomy":"category","embeddable":true,"href":"https:\/\/elinformante.mx\/index.php?rest_route=%2Fwp%2Fv2%2Fcategories&post=104202"},{"taxonomy":"post_tag","embeddable":true,"href":"https:\/\/elinformante.mx\/index.php?rest_route=%2Fwp%2Fv2%2Ftags&post=104202"}],"curies":[{"name":"wp","href":"https:\/\/api.w.org\/{rel}","templated":true}]}}