{"id":104214,"date":"2026-04-30T06:32:10","date_gmt":"2026-04-30T12:32:10","guid":{"rendered":"https:\/\/elinformante.mx\/?p=104214"},"modified":"2026-04-30T06:32:19","modified_gmt":"2026-04-30T12:32:19","slug":"sedeco-y-mercado-libre-impulsan-jornada-de-transformacion-digital","status":"publish","type":"post","link":"https:\/\/elinformante.mx\/?p=104214","title":{"rendered":"SEDECO y Mercado Libre impulsan Jornada de Transformaci\u00f3n Digital"},"content":{"rendered":"\n<figure class=\"wp-block-pullquote\"><blockquote><p>El evento se llevar\u00e1 a cabo el pr\u00f3ximo 9 de mayo en la Explanada del Monumento a la Revoluci\u00f3n.<\/p><\/blockquote><\/figure>\n\n\n\n<p class=\"has-drop-cap\">Con el objetivo de democratizar el acceso a la tecnolog\u00eda e impulsar la digitalizaci\u00f3n, la Secretar\u00eda de Desarrollo Econ\u00f3mico de la Ciudad de M\u00e9xico y Mercado Libre realizar\u00e1n la \u201cFeria Digital: Comercio electr\u00f3nico y finanzas digitales para transformar tu negocio\u201d una iniciativa orientada a acercar herramientas tecnol\u00f3gicas, soluciones de pago y capacitaci\u00f3n pr\u00e1ctica a emprendedoras, peque\u00f1os negocios y PyMEs, con el prop\u00f3sito de fortalecer su crecimiento y ampliar sus oportunidades de desarrollo.<br><\/p>\n\n\n\n<p>El evento se llevar\u00e1 a cabo el pr\u00f3ximo 9 de mayo en la Explanada del Monumento a la Revoluci\u00f3n, como parte de una estrategia que busca contribuir a la activaci\u00f3n del Centro Hist\u00f3rico y generar condiciones para que m\u00e1s negocios locales participen de manera m\u00e1s s\u00f3lida en la vida econ\u00f3mica de la capital.<br><\/p>\n\n\n\n<p>Durante la jornada, representantes del gobierno capitalino y directivos de Mercado Libre y Mercado Pago compartir\u00e1n experiencias y herramientas enfocadas en digitalizaci\u00f3n, comercio electr\u00f3nico, cobros digitales, finanzas personales y mejores pr\u00e1cticas para impulsar las ventas.<br><\/p>\n\n\n\n<p>La iniciativa pone al centro a la econom\u00eda de las mayor\u00edas, al reconocer que la transformaci\u00f3n digital puede convertirse en una v\u00eda para ampliar oportunidades de formalizaci\u00f3n, fortalecer ingresos y mejorar la competitividad de sectores que hist\u00f3ricamente han tenido menor acceso a este tipo de herramientas.<br><\/p>\n\n\n\n<p>Adem\u00e1s de las conferencias y talleres, el encuentro ofrecer\u00e1 espacios de aprendizaje sobre marketplaces, fotograf\u00eda para comercio electr\u00f3nico y soluciones de pago, con el fin de brindar a las y los asistentes recursos concretos para mejorar la operaci\u00f3n y proyecci\u00f3n de sus negocios.<br><\/p>\n\n\n\n<p>Esta feria forma parte de la agenda impulsada por la Secretaria de Desarrollo Econ\u00f3mico, Manola Zabalza, enfocada en democratizar la tecnolog\u00eda, ampliar el acceso a herramientas digitales y aprovechar los espacios p\u00fablicos para generar bienestar. Como parte de esta estrategia, ya se han llevado a cabo dos Megaclases en colaboraci\u00f3n con TikTok y BITSO, as\u00ed como la Gala Chilanga, acercando conocimiento, innovaci\u00f3n y oportunidades de manera gratuita a la ciudadan\u00eda.<\/p>\n","protected":false},"excerpt":{"rendered":"<p>El evento se llevar\u00e1 a cabo el pr\u00f3ximo 9 de mayo en la Explanada del Monumento a la Revoluci\u00f3n. Con el objetivo de democratizar el acceso a la tecnolog\u00eda e impulsar la digitalizaci\u00f3n, la Secretar\u00eda de Desarrollo Econ\u00f3mico de la Ciudad de M\u00e9xico y Mercado Libre realizar\u00e1n la \u201cFeria Digital: Comercio electr\u00f3nico y finanzas digitales [&hellip;]<\/p>\n","protected":false},"author":1,"featured_media":104217,"comment_status":"closed","ping_status":"closed","sticky":false,"template":"","format":"standard","meta":{"footnotes":""},"categories":[35],"tags":[],"class_list":["post-104214","post","type-post","status-publish","format-standard","has-post-thumbnail","hentry","category-cdmx"],"_links":{"self":[{"href":"https:\/\/elinformante.mx\/index.php?rest_route=\/wp\/v2\/posts\/104214","targetHints":{"allow":["GET"]}}],"collection":[{"href":"https:\/\/elinformante.mx\/index.php?rest_route=\/wp\/v2\/posts"}],"about":[{"href":"https:\/\/elinformante.mx\/index.php?rest_route=\/wp\/v2\/types\/post"}],"author":[{"embeddable":true,"href":"https:\/\/elinformante.mx\/index.php?rest_route=\/wp\/v2\/users\/1"}],"replies":[{"embeddable":true,"href":"https:\/\/elinformante.mx\/index.php?rest_route=%2Fwp%2Fv2%2Fcomments&post=104214"}],"version-history":[{"count":0,"href":"https:\/\/elinformante.mx\/index.php?rest_route=\/wp\/v2\/posts\/104214\/revisions"}],"wp:featuredmedia":[{"embeddable":true,"href":"https:\/\/elinformante.mx\/index.php?rest_route=\/wp\/v2\/media\/104217"}],"wp:attachment":[{"href":"https:\/\/elinformante.mx\/index.php?rest_route=%2Fwp%2Fv2%2Fmedia&parent=104214"}],"wp:term":[{"taxonomy":"category","embeddable":true,"href":"https:\/\/elinformante.mx\/index.php?rest_route=%2Fwp%2Fv2%2Fcategories&post=104214"},{"taxonomy":"post_tag","embeddable":true,"href":"https:\/\/elinformante.mx\/index.php?rest_route=%2Fwp%2Fv2%2Ftags&post=104214"}],"curies":[{"name":"wp","href":"https:\/\/api.w.org\/{rel}","templated":true}]}}