{"id":104216,"date":"2026-04-30T06:33:20","date_gmt":"2026-04-30T12:33:20","guid":{"rendered":"https:\/\/elinformante.mx\/?p=104216"},"modified":"2026-04-30T06:33:50","modified_gmt":"2026-04-30T12:33:50","slug":"clara-brugada-presenta-18-festivales-futboleros-para-el-mundial-2026","status":"publish","type":"post","link":"https:\/\/elinformante.mx\/?p=104216","title":{"rendered":"Clara Brugada presenta 18 festivales futboleros para el Mundial 2026"},"content":{"rendered":"\n<figure class=\"wp-block-pullquote\"><blockquote><p>Convoc\u00f3 a participar en la ola m\u00e1s grande del mundo, que se realizar\u00e1 en Paseo de la Reforma.<\/p><\/blockquote><\/figure>\n\n\n\n<p class=\"has-drop-cap\">La jefa de Gobierno de la Ciudad de M\u00e9xico present\u00f3 los 18 festivales futboleros que se realizar\u00e1n en la capital con motivo de la Copa Mundial de la FIFA 2026. Estos espacios contar\u00e1n con actividades culturales, deportivas y gastron\u00f3micas, as\u00ed como la transmisi\u00f3n de los partidos, con el prop\u00f3sito de que la justa deportiva trascienda el estadio y se viva en calles, colonias, barrios y pueblos.<br><\/p>\n\n\n\n<p>Acompa\u00f1ada por Gabriela Cuevas, representante del Gobierno de M\u00e9xico para el Mundial FIFA 2026, as\u00ed como integrantes de su gabinete, Clara Brugada Molina inform\u00f3 que los 18 festivales ser\u00e1n gratuitos y se llevar\u00e1n a cabo en espacios p\u00fablicos, donde las familias podr\u00e1n convivir y seguir los partidos en pantallas gigantes.<br><\/p>\n\n\n\n<p>\u201cQueremos que la ciudad lata al ritmo de la convivencia, con un mismo esfuerzo y una misma emoci\u00f3n. La ciudad ser\u00e1 una gran tribuna. Vamos a disfrutar un mundial para ni\u00f1as, ni\u00f1os, j\u00f3venes y familias\u201d, expres\u00f3.<br><\/p>\n\n\n\n<p>Instruy\u00f3 incorporar en estos espacios ferias tradicionales como la de la nieve, el elote y el ma\u00edz, as\u00ed como muestras gastron\u00f3micas de pueblos de Milpa Alta, Xochimilco y Tl\u00e1huac, entre otros. Tambi\u00e9n anunci\u00f3 que el 31 de mayo se realizar\u00e1 la Ola en avenida Paseo de la Reforma, con la participaci\u00f3n de la ciudadan\u00eda.<br><\/p>\n\n\n\n<p>Durante el evento, realizado en una de las 316 canchas de f\u00fatbol intervenidas por la actual administraci\u00f3n, ubicada en Mariquita S\u00e1nchez, Coapa, Culhuac\u00e1n III, alcald\u00eda Coyoac\u00e1n, la titular del Ejecutivo local reiter\u00f3 que se busca un mundial incluyente, que se viva en el espacio p\u00fablico y promueva la convivencia.<br><\/p>\n\n\n\n<p>Detall\u00f3 que siete festivales operar\u00e1n durante los 39 d\u00edas del torneo, con la transmisi\u00f3n de los 104 partidos, mientras que en las otras 11 sedes se proyectar\u00e1n encuentros de la selecci\u00f3n mexicana y partidos de relevancia.<br><\/p>\n\n\n\n<p>Gabriela Cuevas Barr\u00f3n reconoci\u00f3 el trabajo del Gobierno de la Ciudad de M\u00e9xico para impulsar obras con enfoque social. \u201cLos preparativos avanzan con claridad en sus objetivos. Se busca que M\u00e9xico deje huella como sede del mundial\u201d, afirm\u00f3.<br><\/p>\n\n\n\n<p>El pr\u00f3ximo titular de la Secretar\u00eda del Deporte, Javier Hidalgo Ponce, anunci\u00f3 que los festivales incluir\u00e1n talleres, batucadas comunitarias, animaci\u00f3n de baile, concursos de penales y dominadas, cascaritas, torneos de teqball y fut-tenis, as\u00ed como juegos tradicionales y actividades artesanales.<br><\/p>\n\n\n\n<p>El alcalde de Coyoac\u00e1n, Giovani Guti\u00e9rrez Aguilar, subray\u00f3 la coordinaci\u00f3n entre niveles de gobierno para la ejecuci\u00f3n de obra p\u00fablica. Inform\u00f3 que de las 30 canchas proyectadas en la demarcaci\u00f3n, 22 ya se encuentran concluidas y el resto estar\u00e1 listo a finales de mayo.<\/p>\n","protected":false},"excerpt":{"rendered":"<p>Convoc\u00f3 a participar en la ola m\u00e1s grande del mundo, que se realizar\u00e1 en Paseo de la Reforma. La jefa de Gobierno de la Ciudad de M\u00e9xico present\u00f3 los 18 festivales futboleros que se realizar\u00e1n en la capital con motivo de la Copa Mundial de la FIFA 2026. Estos espacios contar\u00e1n con actividades culturales, deportivas [&hellip;]<\/p>\n","protected":false},"author":1,"featured_media":104219,"comment_status":"closed","ping_status":"closed","sticky":false,"template":"","format":"standard","meta":{"footnotes":""},"categories":[35,30],"tags":[],"class_list":["post-104216","post","type-post","status-publish","format-standard","has-post-thumbnail","hentry","category-cdmx","category-destacado"],"_links":{"self":[{"href":"https:\/\/elinformante.mx\/index.php?rest_route=\/wp\/v2\/posts\/104216","targetHints":{"allow":["GET"]}}],"collection":[{"href":"https:\/\/elinformante.mx\/index.php?rest_route=\/wp\/v2\/posts"}],"about":[{"href":"https:\/\/elinformante.mx\/index.php?rest_route=\/wp\/v2\/types\/post"}],"author":[{"embeddable":true,"href":"https:\/\/elinformante.mx\/index.php?rest_route=\/wp\/v2\/users\/1"}],"replies":[{"embeddable":true,"href":"https:\/\/elinformante.mx\/index.php?rest_route=%2Fwp%2Fv2%2Fcomments&post=104216"}],"version-history":[{"count":0,"href":"https:\/\/elinformante.mx\/index.php?rest_route=\/wp\/v2\/posts\/104216\/revisions"}],"wp:featuredmedia":[{"embeddable":true,"href":"https:\/\/elinformante.mx\/index.php?rest_route=\/wp\/v2\/media\/104219"}],"wp:attachment":[{"href":"https:\/\/elinformante.mx\/index.php?rest_route=%2Fwp%2Fv2%2Fmedia&parent=104216"}],"wp:term":[{"taxonomy":"category","embeddable":true,"href":"https:\/\/elinformante.mx\/index.php?rest_route=%2Fwp%2Fv2%2Fcategories&post=104216"},{"taxonomy":"post_tag","embeddable":true,"href":"https:\/\/elinformante.mx\/index.php?rest_route=%2Fwp%2Fv2%2Ftags&post=104216"}],"curies":[{"name":"wp","href":"https:\/\/api.w.org\/{rel}","templated":true}]}}