{"id":104220,"date":"2026-04-30T06:46:57","date_gmt":"2026-04-30T12:46:57","guid":{"rendered":"https:\/\/elinformante.mx\/?p=104220"},"modified":"2026-04-30T06:47:31","modified_gmt":"2026-04-30T12:47:31","slug":"marina-del-pilar-arranca-operativo-verano-seguro","status":"publish","type":"post","link":"https:\/\/elinformante.mx\/?p=104220","title":{"rendered":"Marina del Pilar arranca operativo \u201cVerano Seguro\u201d"},"content":{"rendered":"\n<figure class=\"wp-block-pullquote\"><blockquote><p>Se realizar\u00e1n acciones de hidrataci\u00f3n dirigidas a la poblaci\u00f3n.<\/p><\/blockquote><\/figure>\n\n\n\n<p class=\"has-drop-cap\">Para reforzar la protecci\u00f3n de la poblaci\u00f3n ante la pr\u00f3xima temporada de altas temperaturas, la gobernadora Marina del Pilar \u00c1vila Olmeda puso en marcha el operativo \u201cVerano Seguro\u201d, con acciones de hidrataci\u00f3n dirigidas a las y los bajacalifornianos.<br><\/p>\n\n\n\n<p>La mandataria estatal inform\u00f3 que este operativo se enfoca en cuidar a la poblaci\u00f3n en los d\u00edas de mayor calor, con acciones directas en territorio, como la instalaci\u00f3n de un punto de hidrataci\u00f3n masivo en la Plaza del Mariachi de Mexicali, que operar\u00e1 las 24 horas para brindar agua, sueros y atenci\u00f3n m\u00e9dica a quien lo necesite, as\u00ed como alimentaci\u00f3n a los animales.<br><\/p>\n\n\n\n<p>Agradeci\u00f3 a las personas que se suman instalando un punto de hidrataci\u00f3n en sus hogares, las cuales ya son m\u00e1s de 350 dentro de la red de Casas de Hidrataci\u00f3n, en las que se pone agua y suero a disposici\u00f3n de la comunidad.<br><\/p>\n\n\n\n<p>Agreg\u00f3 que ya fueron definidas las rutas de hidrataci\u00f3n que recorren la ciudad para detectar y atender a personas afectadas por las altas temperaturas, bajo la coordinaci\u00f3n de la Secretar\u00eda de Salud y el Ayuntamiento de Mexicali.<br><\/p>\n\n\n\n<p>El titular de la Secretar\u00eda de Salud, Adri\u00e1n Medina Amarillas, destac\u00f3 que, desde la implementaci\u00f3n de esta estrategia en la administraci\u00f3n de la gobernadora Marina del Pilar \u00c1vila Olmeda, se ha logrado una reducci\u00f3n significativa en las defunciones asociadas a las altas temperaturas.<br><\/p>\n\n\n\n<p>Reiter\u00f3 el llamado a la poblaci\u00f3n a seguir medidas b\u00e1sicas de prevenci\u00f3n, como evitar la exposici\u00f3n prolongada durante las horas de mayor calor, mantenerse hidratados, usar ropa ligera, gorras o sombreros y aplicar protector solar.<br><\/p>\n\n\n\n<p>A\u00f1adi\u00f3 la importancia de tomar descansos en caso de realizar actividades al aire libre y acudir de inmediato a consulta m\u00e9dica ante s\u00edntomas como agotamiento o quemaduras solares.<\/p>\n","protected":false},"excerpt":{"rendered":"<p>Se realizar\u00e1n acciones de hidrataci\u00f3n dirigidas a la poblaci\u00f3n. Para reforzar la protecci\u00f3n de la poblaci\u00f3n ante la pr\u00f3xima temporada de altas temperaturas, la gobernadora Marina del Pilar \u00c1vila Olmeda puso en marcha el operativo \u201cVerano Seguro\u201d, con acciones de hidrataci\u00f3n dirigidas a las y los bajacalifornianos. La mandataria estatal inform\u00f3 que este operativo se [&hellip;]<\/p>\n","protected":false},"author":1,"featured_media":104223,"comment_status":"closed","ping_status":"closed","sticky":false,"template":"","format":"standard","meta":{"footnotes":""},"categories":[30,34],"tags":[],"class_list":["post-104220","post","type-post","status-publish","format-standard","has-post-thumbnail","hentry","category-destacado","category-nacional"],"_links":{"self":[{"href":"https:\/\/elinformante.mx\/index.php?rest_route=\/wp\/v2\/posts\/104220","targetHints":{"allow":["GET"]}}],"collection":[{"href":"https:\/\/elinformante.mx\/index.php?rest_route=\/wp\/v2\/posts"}],"about":[{"href":"https:\/\/elinformante.mx\/index.php?rest_route=\/wp\/v2\/types\/post"}],"author":[{"embeddable":true,"href":"https:\/\/elinformante.mx\/index.php?rest_route=\/wp\/v2\/users\/1"}],"replies":[{"embeddable":true,"href":"https:\/\/elinformante.mx\/index.php?rest_route=%2Fwp%2Fv2%2Fcomments&post=104220"}],"version-history":[{"count":0,"href":"https:\/\/elinformante.mx\/index.php?rest_route=\/wp\/v2\/posts\/104220\/revisions"}],"wp:featuredmedia":[{"embeddable":true,"href":"https:\/\/elinformante.mx\/index.php?rest_route=\/wp\/v2\/media\/104223"}],"wp:attachment":[{"href":"https:\/\/elinformante.mx\/index.php?rest_route=%2Fwp%2Fv2%2Fmedia&parent=104220"}],"wp:term":[{"taxonomy":"category","embeddable":true,"href":"https:\/\/elinformante.mx\/index.php?rest_route=%2Fwp%2Fv2%2Fcategories&post=104220"},{"taxonomy":"post_tag","embeddable":true,"href":"https:\/\/elinformante.mx\/index.php?rest_route=%2Fwp%2Fv2%2Ftags&post=104220"}],"curies":[{"name":"wp","href":"https:\/\/api.w.org\/{rel}","templated":true}]}}