{"id":104257,"date":"2026-05-01T05:46:33","date_gmt":"2026-05-01T11:46:33","guid":{"rendered":"https:\/\/elinformante.mx\/?p=104257"},"modified":"2026-05-01T05:46:36","modified_gmt":"2026-05-01T11:46:36","slug":"steven-tyler-va-a-juicio-por-causar-angustia-emocional-durante-una-presunta-agresion-sexual","status":"publish","type":"post","link":"https:\/\/elinformante.mx\/?p=104257","title":{"rendered":"Steven Tyler va a juicio por causar angustia emocional durante una presunta agresi\u00f3n sexual"},"content":{"rendered":"\n<figure class=\"wp-block-pullquote\"><blockquote><p>Anderson dijo en el comunicado que ha llegado el momento de que se haga justicia y de que Tyler rinda cuentas ante un jurado.<\/p><\/blockquote><\/figure>\n\n\n\n<p class=\"has-drop-cap\">Un tribunal de Los \u00c1ngeles ha concedido la petici\u00f3n de una mujer de llevar a juicio al m\u00fasico estadounidense Steven Tyler por infligir intencionadamente angustia emocional, derivada de las supuestas agresiones sexuales que le caus\u00f3 el m\u00fasico cuando ella era a\u00fan menor de edad, inform\u00f3 al abogado de la demandante.<br><\/p>\n\n\n\n<p>Julia Misley, antes conocida como Julia Holcomb, mantiene una batalla legal contra el vocalista de Aerosmith desde 2022 por las supuestas agresiones ocurridas despu\u00e9s que se conocieran en un concierto en Portland, Oreg\u00f3n, en 1973.<br><\/p>\n\n\n\n<p>La mujer afirma haber mantenido una relaci\u00f3n con el cantante por tres a\u00f1os cuando ella ten\u00eda 16 a\u00f1os y el 25 y ser v\u00edctima de \u00abmanipulaci\u00f3n y agresi\u00f3n sexual\u00bb por parte de Tyler, un comportamiento que se repiti\u00f3 por a\u00f1os.<br><\/p>\n\n\n\n<p>\u201cEste patr\u00f3n inclu\u00eda el hecho de que Tyler convenciera tanto a la adolescente como a todos los que lo rodeaban de que \u00e9l se hab\u00eda convertido en su tutor legal\u201d, indic\u00f3 en un comunicado el abogado Jeff Anderson, que representa a Misley.<br><\/p>\n\n\n\n<p>La acusaci\u00f3n subraya que en su libro autobiogr\u00e1fico, \u2018Does the Noise in My Head Bother You?\u2019, el artista narra que estuvo a punto de casarse con una adolescente y que los padres de ella llegaron a firmar un papel para otorgarle la custodia y evitar su arresto.<br><\/p>\n\n\n\n<p>Tambi\u00e9n menciona un supuesto aborto que la mujer tuvo cuando a\u00fan era menor de edad del que \u00e9l supuestamente tuvo conocimiento.<br><\/p>\n\n\n\n<p>Aunque el tribunal desestim\u00f3 varias de las acusaciones espec\u00edficas a la agresi\u00f3n sexual, dio v\u00eda libre a un juicio por causar angustia emocional.<br><\/p>\n\n\n\n<p>Anderson dijo en el comunicado que ha llegado el momento de que se haga justicia y de que Tyler rinda cuentas ante un jurado.<br><\/p>\n\n\n\n<p>Se ha programado una audiencia para el 13 de mayo en el Tribunal Superior del condado de Los \u00c1ngeles con el fin de determinar si se le permitir\u00e1 a la demandante obtener informaci\u00f3n sobre las finanzas de Tyler, como parte de su reclamaci\u00f3n de da\u00f1os punitivos.<\/p>\n","protected":false},"excerpt":{"rendered":"<p>Anderson dijo en el comunicado que ha llegado el momento de que se haga justicia y de que Tyler rinda cuentas ante un jurado. Un tribunal de Los \u00c1ngeles ha concedido la petici\u00f3n de una mujer de llevar a juicio al m\u00fasico estadounidense Steven Tyler por infligir intencionadamente angustia emocional, derivada de las supuestas agresiones [&hellip;]<\/p>\n","protected":false},"author":1,"featured_media":104260,"comment_status":"closed","ping_status":"closed","sticky":false,"template":"","format":"standard","meta":{"footnotes":""},"categories":[39],"tags":[],"class_list":["post-104257","post","type-post","status-publish","format-standard","has-post-thumbnail","hentry","category-espectaculos"],"_links":{"self":[{"href":"https:\/\/elinformante.mx\/index.php?rest_route=\/wp\/v2\/posts\/104257","targetHints":{"allow":["GET"]}}],"collection":[{"href":"https:\/\/elinformante.mx\/index.php?rest_route=\/wp\/v2\/posts"}],"about":[{"href":"https:\/\/elinformante.mx\/index.php?rest_route=\/wp\/v2\/types\/post"}],"author":[{"embeddable":true,"href":"https:\/\/elinformante.mx\/index.php?rest_route=\/wp\/v2\/users\/1"}],"replies":[{"embeddable":true,"href":"https:\/\/elinformante.mx\/index.php?rest_route=%2Fwp%2Fv2%2Fcomments&post=104257"}],"version-history":[{"count":0,"href":"https:\/\/elinformante.mx\/index.php?rest_route=\/wp\/v2\/posts\/104257\/revisions"}],"wp:featuredmedia":[{"embeddable":true,"href":"https:\/\/elinformante.mx\/index.php?rest_route=\/wp\/v2\/media\/104260"}],"wp:attachment":[{"href":"https:\/\/elinformante.mx\/index.php?rest_route=%2Fwp%2Fv2%2Fmedia&parent=104257"}],"wp:term":[{"taxonomy":"category","embeddable":true,"href":"https:\/\/elinformante.mx\/index.php?rest_route=%2Fwp%2Fv2%2Fcategories&post=104257"},{"taxonomy":"post_tag","embeddable":true,"href":"https:\/\/elinformante.mx\/index.php?rest_route=%2Fwp%2Fv2%2Ftags&post=104257"}],"curies":[{"name":"wp","href":"https:\/\/api.w.org\/{rel}","templated":true}]}}