{"id":104261,"date":"2026-05-01T05:49:06","date_gmt":"2026-05-01T11:49:06","guid":{"rendered":"https:\/\/elinformante.mx\/?p=104261"},"modified":"2026-05-01T05:49:11","modified_gmt":"2026-05-01T11:49:11","slug":"ana-muniz-lleva-alegria-a-ninez-con-discapacidad-en-san-mateo-atenco","status":"publish","type":"post","link":"https:\/\/elinformante.mx\/?p=104261","title":{"rendered":"Ana Muniz lleva alegr\u00eda a ni\u00f1ez con discapacidad en San Mateo Atenco"},"content":{"rendered":"\n<figure class=\"wp-block-pullquote\"><blockquote><p>El Gobierno Municipal y el DIF local realizaron entregas domiciliarias de juguetes para las ni\u00f1as y ni\u00f1os en situaci\u00f3n vulnerable.<\/p><\/blockquote><\/figure>\n\n\n\n<p class=\"has-drop-cap\">En un acto de solidaridad y compromiso con la inclusi\u00f3n, la presidenta municipal de San Mateo Atenco, Ana Mu\u00f1iz Neyra, encabez\u00f3 la entrega de juguetes a ni\u00f1as y ni\u00f1os que, debido a alguna discapacidad o condici\u00f3n de salud, no pueden salir de sus hogares.<br><\/p>\n\n\n\n<p>Acompa\u00f1ada por el presidente honorario del DIF municipal, Oscar Mu\u00f1iz, la alcaldesa recorri\u00f3 diversos barrios del municipio para llevar personalmente estos obsequios.<br><\/p>\n\n\n\n<p>Mu\u00f1iz Neyra destac\u00f3 que la movilidad limitada no debe ser un impedimento para que la ni\u00f1ez atenquense acceda a su derecho al juego y a la recreaci\u00f3n.<br><\/p>\n\n\n\n<p>\u201cVer dibujada una sonrisa en el rostro de nuestras ni\u00f1as y ni\u00f1os es nuestro mayor motor para seguir trabajando. No queremos que nadie se quede fuera de esta celebraci\u00f3n; por ello, venimos hasta sus casas para reafirmarles que no est\u00e1n solos y que trabajamos con el coraz\u00f3n por su desarrollo y futuro\u201d, afirm\u00f3 la presidenta.<br><\/p>\n\n\n\n<p>Esta iniciativa se suma a las celebraciones masivas realizadas en el marco del D\u00eda de la Ni\u00f1a y el Ni\u00f1o, las cuales han sido dise\u00f1adas bajo un esquema de \u201cespacios l\u00fadico-educativos\u201d.<br><\/p>\n\n\n\n<p>A trav\u00e9s de la Direcci\u00f3n de Prevenci\u00f3n y Bienestar Familiar, el Gobierno Municipal ha promovido jornadas llenas de curiosidad y asombro, donde miles de menores han disfrutado de juegos que fomentan el sano esparcimiento y el aprendizaje.<br><\/p>\n\n\n\n<p>La administraci\u00f3n de Ana Mu\u00f1iz Neyra y el DIF San Mateo Atenco consolidan su pol\u00edtica de atenci\u00f3n prioritaria a la infancia, garantizando entornos seguros, plenos y llenos de oportunidades para todos los sectores de la poblaci\u00f3n.<br><\/p>\n\n\n\n<p>El municipio reafirma que la inclusi\u00f3n es el eje central de su gesti\u00f3n, velando siempre por el bienestar de los m\u00e1s peque\u00f1os, especialmente de aquellos que enfrentan mayores retos de salud o movilidad.<\/p>\n","protected":false},"excerpt":{"rendered":"<p>El Gobierno Municipal y el DIF local realizaron entregas domiciliarias de juguetes para las ni\u00f1as y ni\u00f1os en situaci\u00f3n vulnerable. En un acto de solidaridad y compromiso con la inclusi\u00f3n, la presidenta municipal de San Mateo Atenco, Ana Mu\u00f1iz Neyra, encabez\u00f3 la entrega de juguetes a ni\u00f1as y ni\u00f1os que, debido a alguna discapacidad o [&hellip;]<\/p>\n","protected":false},"author":1,"featured_media":104264,"comment_status":"closed","ping_status":"closed","sticky":false,"template":"","format":"standard","meta":{"footnotes":""},"categories":[36],"tags":[],"class_list":["post-104261","post","type-post","status-publish","format-standard","has-post-thumbnail","hentry","category-edomex"],"_links":{"self":[{"href":"https:\/\/elinformante.mx\/index.php?rest_route=\/wp\/v2\/posts\/104261","targetHints":{"allow":["GET"]}}],"collection":[{"href":"https:\/\/elinformante.mx\/index.php?rest_route=\/wp\/v2\/posts"}],"about":[{"href":"https:\/\/elinformante.mx\/index.php?rest_route=\/wp\/v2\/types\/post"}],"author":[{"embeddable":true,"href":"https:\/\/elinformante.mx\/index.php?rest_route=\/wp\/v2\/users\/1"}],"replies":[{"embeddable":true,"href":"https:\/\/elinformante.mx\/index.php?rest_route=%2Fwp%2Fv2%2Fcomments&post=104261"}],"version-history":[{"count":0,"href":"https:\/\/elinformante.mx\/index.php?rest_route=\/wp\/v2\/posts\/104261\/revisions"}],"wp:featuredmedia":[{"embeddable":true,"href":"https:\/\/elinformante.mx\/index.php?rest_route=\/wp\/v2\/media\/104264"}],"wp:attachment":[{"href":"https:\/\/elinformante.mx\/index.php?rest_route=%2Fwp%2Fv2%2Fmedia&parent=104261"}],"wp:term":[{"taxonomy":"category","embeddable":true,"href":"https:\/\/elinformante.mx\/index.php?rest_route=%2Fwp%2Fv2%2Fcategories&post=104261"},{"taxonomy":"post_tag","embeddable":true,"href":"https:\/\/elinformante.mx\/index.php?rest_route=%2Fwp%2Fv2%2Ftags&post=104261"}],"curies":[{"name":"wp","href":"https:\/\/api.w.org\/{rel}","templated":true}]}}