{"id":104268,"date":"2026-05-01T05:58:12","date_gmt":"2026-05-01T11:58:12","guid":{"rendered":"https:\/\/elinformante.mx\/?p=104268"},"modified":"2026-05-01T05:58:18","modified_gmt":"2026-05-01T11:58:18","slug":"fernando-flores-da-inicio-a-la-2-a-generacion-mixta-de-la-escuela-de-negocios-en-metepec","status":"publish","type":"post","link":"https:\/\/elinformante.mx\/?p=104268","title":{"rendered":"Fernando Flores da inicio a la 2.\u00aa generaci\u00f3n mixta de la Escuela de Negocios en Metepec"},"content":{"rendered":"\n<figure class=\"wp-block-pullquote\"><blockquote><p>El presidente municipal dese\u00f3 el mayor de los \u00e9xitos a los nuevos alumnos, reconociendo su valent\u00eda por dar este paso decisivo hacia la profesionalizaci\u00f3n de sus sue\u00f1os.<\/p><\/blockquote><\/figure>\n\n\n\n<p class=\"has-drop-cap\">Con el firme compromiso de seguir impulsando el desarrollo econ\u00f3mico y el talento local, el presidente municipal de Metepec, Fernando Flores Fern\u00e1ndez, dio la bienvenida formal a las y los integrantes de la Segunda Generaci\u00f3n Mixta de la Escuela de Negocios.<br><\/p>\n\n\n\n<p>Durante el evento de apertura, el alcalde destac\u00f3 que este nuevo grupo, conformado por hombres y mujeres emprendedores, inicia un camino estrat\u00e9gico de aprendizaje y retos dise\u00f1ado para transformar sus ideas en proyectos s\u00f3lidos y competitivos.<br><\/p>\n\n\n\n<p>\u201cSeguimos apostando por la preparaci\u00f3n y las herramientas que impulsan el talento de las y los metepequenses. Nos llena de entusiasmo acompa\u00f1arles en este proceso de innovaci\u00f3n y desarrollo\u201d, afirm\u00f3 Flores Fern\u00e1ndez, quien subray\u00f3 que el \u00e9xito de estos proyectos individuales se traduce en un beneficio directo para la econom\u00eda del municipio.<br><\/p>\n\n\n\n<p>La Escuela de Negocios en su modalidad mixta busca igualar las oportunidades de crecimiento, brindando capacitaci\u00f3n especializada que permita a los participantes llevar sus negocios al siguiente nivel mediante disciplina y herramientas t\u00e9cnicas actualizadas.<br><\/p>\n\n\n\n<p>El Gobierno Municipal de Metepec sigue reafirmando su pol\u00edtica de apoyo al emprendimiento, consolidando un ecosistema donde el conocimiento y el esfuerzo ciudadano son el motor para seguir construyendo una #CiudadQueFunciona.<br><\/p>\n\n\n\n<p>Al finalizar el acto, el presidente municipal dese\u00f3 el mayor de los \u00e9xitos a los nuevos alumnos, reconociendo su valent\u00eda por dar este paso decisivo hacia la profesionalizaci\u00f3n de sus sue\u00f1os.<\/p>\n","protected":false},"excerpt":{"rendered":"<p>El presidente municipal dese\u00f3 el mayor de los \u00e9xitos a los nuevos alumnos, reconociendo su valent\u00eda por dar este paso decisivo hacia la profesionalizaci\u00f3n de sus sue\u00f1os. Con el firme compromiso de seguir impulsando el desarrollo econ\u00f3mico y el talento local, el presidente municipal de Metepec, Fernando Flores Fern\u00e1ndez, dio la bienvenida formal a las [&hellip;]<\/p>\n","protected":false},"author":1,"featured_media":104272,"comment_status":"closed","ping_status":"closed","sticky":false,"template":"","format":"standard","meta":{"footnotes":""},"categories":[36],"tags":[],"class_list":["post-104268","post","type-post","status-publish","format-standard","has-post-thumbnail","hentry","category-edomex"],"_links":{"self":[{"href":"https:\/\/elinformante.mx\/index.php?rest_route=\/wp\/v2\/posts\/104268","targetHints":{"allow":["GET"]}}],"collection":[{"href":"https:\/\/elinformante.mx\/index.php?rest_route=\/wp\/v2\/posts"}],"about":[{"href":"https:\/\/elinformante.mx\/index.php?rest_route=\/wp\/v2\/types\/post"}],"author":[{"embeddable":true,"href":"https:\/\/elinformante.mx\/index.php?rest_route=\/wp\/v2\/users\/1"}],"replies":[{"embeddable":true,"href":"https:\/\/elinformante.mx\/index.php?rest_route=%2Fwp%2Fv2%2Fcomments&post=104268"}],"version-history":[{"count":0,"href":"https:\/\/elinformante.mx\/index.php?rest_route=\/wp\/v2\/posts\/104268\/revisions"}],"wp:featuredmedia":[{"embeddable":true,"href":"https:\/\/elinformante.mx\/index.php?rest_route=\/wp\/v2\/media\/104272"}],"wp:attachment":[{"href":"https:\/\/elinformante.mx\/index.php?rest_route=%2Fwp%2Fv2%2Fmedia&parent=104268"}],"wp:term":[{"taxonomy":"category","embeddable":true,"href":"https:\/\/elinformante.mx\/index.php?rest_route=%2Fwp%2Fv2%2Fcategories&post=104268"},{"taxonomy":"post_tag","embeddable":true,"href":"https:\/\/elinformante.mx\/index.php?rest_route=%2Fwp%2Fv2%2Ftags&post=104268"}],"curies":[{"name":"wp","href":"https:\/\/api.w.org\/{rel}","templated":true}]}}