{"id":104273,"date":"2026-05-01T06:03:46","date_gmt":"2026-05-01T12:03:46","guid":{"rendered":"https:\/\/elinformante.mx\/?p=104273"},"modified":"2026-05-01T06:03:49","modified_gmt":"2026-05-01T12:03:49","slug":"edomex-concentra-mas-de-3-millones-de-ninas-y-ninos-coespo","status":"publish","type":"post","link":"https:\/\/elinformante.mx\/?p=104273","title":{"rendered":"Edom\u00e9x concentra m\u00e1s de 3 millones de ni\u00f1as y ni\u00f1os: COESPO"},"content":{"rendered":"\n<figure class=\"wp-block-pullquote\"><blockquote><p>La primera infancia se consolida como prioridad en la agenda social del estado<\/p><\/blockquote><\/figure>\n\n\n\n<p class=\"has-drop-cap\">El Estado de M\u00e9xico se mantiene como la entidad con mayor poblaci\u00f3n infantil del pa\u00eds, al concentrar un total de 3 millones 77 mil 920 ni\u00f1as y ni\u00f1os de entre 0 y 11 a\u00f1os, de acuerdo con proyecciones del Consejo Estatal de Poblaci\u00f3n (COESPO), inform\u00f3 el gobierno encabezado por la maestra Delfina G\u00f3mez \u00c1lvarez.<br><\/p>\n\n\n\n<p>Esta cifra posiciona a la ni\u00f1ez mexiquense como un eje central en el dise\u00f1o e implementaci\u00f3n de pol\u00edticas p\u00fablicas, al representar uno de los sectores m\u00e1s amplios y estrat\u00e9gicos para el desarrollo social de la entidad.<br><\/p>\n\n\n\n<p>Del total, 1 mill\u00f3n 479 mil 162 menores se encuentran en la etapa de primera infancia (0 a 5 a\u00f1os), considerada fundamental para el desarrollo f\u00edsico, cognitivo y emocional, lo que refuerza la necesidad de fortalecer acciones integrales en salud, nutrici\u00f3n, educaci\u00f3n inicial y protecci\u00f3n social.<br><\/p>\n\n\n\n<p>El crecimiento y concentraci\u00f3n de la poblaci\u00f3n infantil plantea retos importantes en materia de cobertura de servicios, particularmente en municipios con alta densidad como Toluca, Ecatepec y Nezahualc\u00f3yotl, donde se concentra un porcentaje significativo de ni\u00f1as y ni\u00f1os. Ante este panorama, el gobierno estatal impulsa estrategias focalizadas para garantizar el acceso equitativo a servicios educativos, de salud y bienestar.<br><\/p>\n\n\n\n<p>En materia educativa, el Estado de M\u00e9xico ha registrado avances relevantes, particularmente en el nivel secundaria, donde el porcentaje de conclusi\u00f3n escolar pas\u00f3 de 91.8 por ciento en el ciclo 2020-2021 a 94.1 por ciento en el ciclo 2023-2024, lo que significa que 94 de cada 100 estudiantes logran finalizar este nivel educativo. Este indicador refleja el fortalecimiento del sistema educativo estatal y el impulso a pol\u00edticas que buscan evitar el abandono escolar.<br><\/p>\n\n\n\n<p>El gobierno estatal ha reiterado que la ni\u00f1ez es el centro de su pol\u00edtica social, por lo que continuar\u00e1 fortaleciendo programas y acciones orientadas a garantizar condiciones de desarrollo pleno, seguro e incluyente en los 125 municipios de la entidad, reconociendo que invertir en la infancia es clave para construir un mejor futuro.<\/p>\n","protected":false},"excerpt":{"rendered":"<p>La primera infancia se consolida como prioridad en la agenda social del estado El Estado de M\u00e9xico se mantiene como la entidad con mayor poblaci\u00f3n infantil del pa\u00eds, al concentrar un total de 3 millones 77 mil 920 ni\u00f1as y ni\u00f1os de entre 0 y 11 a\u00f1os, de acuerdo con proyecciones del Consejo Estatal de [&hellip;]<\/p>\n","protected":false},"author":1,"featured_media":104276,"comment_status":"closed","ping_status":"closed","sticky":false,"template":"","format":"standard","meta":{"footnotes":""},"categories":[36],"tags":[],"class_list":["post-104273","post","type-post","status-publish","format-standard","has-post-thumbnail","hentry","category-edomex"],"_links":{"self":[{"href":"https:\/\/elinformante.mx\/index.php?rest_route=\/wp\/v2\/posts\/104273","targetHints":{"allow":["GET"]}}],"collection":[{"href":"https:\/\/elinformante.mx\/index.php?rest_route=\/wp\/v2\/posts"}],"about":[{"href":"https:\/\/elinformante.mx\/index.php?rest_route=\/wp\/v2\/types\/post"}],"author":[{"embeddable":true,"href":"https:\/\/elinformante.mx\/index.php?rest_route=\/wp\/v2\/users\/1"}],"replies":[{"embeddable":true,"href":"https:\/\/elinformante.mx\/index.php?rest_route=%2Fwp%2Fv2%2Fcomments&post=104273"}],"version-history":[{"count":0,"href":"https:\/\/elinformante.mx\/index.php?rest_route=\/wp\/v2\/posts\/104273\/revisions"}],"wp:featuredmedia":[{"embeddable":true,"href":"https:\/\/elinformante.mx\/index.php?rest_route=\/wp\/v2\/media\/104276"}],"wp:attachment":[{"href":"https:\/\/elinformante.mx\/index.php?rest_route=%2Fwp%2Fv2%2Fmedia&parent=104273"}],"wp:term":[{"taxonomy":"category","embeddable":true,"href":"https:\/\/elinformante.mx\/index.php?rest_route=%2Fwp%2Fv2%2Fcategories&post=104273"},{"taxonomy":"post_tag","embeddable":true,"href":"https:\/\/elinformante.mx\/index.php?rest_route=%2Fwp%2Fv2%2Ftags&post=104273"}],"curies":[{"name":"wp","href":"https:\/\/api.w.org\/{rel}","templated":true}]}}