{"id":104279,"date":"2026-05-01T06:12:32","date_gmt":"2026-05-01T12:12:32","guid":{"rendered":"https:\/\/elinformante.mx\/?p=104279"},"modified":"2026-05-01T06:13:02","modified_gmt":"2026-05-01T12:13:02","slug":"uaemex-y-pjedomex-impulsan-agenda-para-visibilizar-y-proteger-los-derechos-de-la-infancia","status":"publish","type":"post","link":"https:\/\/elinformante.mx\/?p=104279","title":{"rendered":"UAEM\u00e9x y PJEdom\u00e9x impulsan agenda para visibilizar y proteger los derechos de la infancia"},"content":{"rendered":"\n<figure class=\"wp-block-pullquote\"><blockquote><p>Firmaron un convenio de colaboraci\u00f3n que permitir\u00e1 fortalecer los trabajos de una c\u00e1tedra de investigaci\u00f3n en la materia.<\/p><\/blockquote><\/figure>\n\n\n\n<p class=\"has-drop-cap\">Con el objetivo de visibilizar las realidades, desaf\u00edos y necesidades de ni\u00f1as, ni\u00f1os y adolescentes con referentes de crianza en prisi\u00f3n, la Universidad Aut\u00f3noma del Estado de M\u00e9xico y el Poder Judicial del Estado de M\u00e9xico firmaron un convenio de colaboraci\u00f3n para fortalecer los trabajos de la C\u00e1tedra de Investigaci\u00f3n \u201cInfancias con referentes de crianza en prisi\u00f3n. Infancia es destino\u201d.<br><\/p>\n\n\n\n<p>El acuerdo fue encabezado por la rectora Martha Patricia Zarza Delgado y el presidente del Tribunal Superior de Justicia del Estado de M\u00e9xico, H\u00e9ctor Macedo Garc\u00eda, quienes coincidieron en la necesidad de impulsar acciones interinstitucionales orientadas a la protecci\u00f3n de los derechos humanos de este sector.<br><\/p>\n\n\n\n<p>En el Sal\u00f3n de Plenos del Poder Judicial estatal, se llev\u00f3 a cabo tambi\u00e9n la presentaci\u00f3n de los libros Maternidades y paternidades desde las prisiones del Estado de M\u00e9xico. Una mirada multidisciplinar y Miradas multidisciplinares a la protecci\u00f3n de derechos de ni\u00f1as, ni\u00f1os y adolescentes con referentes de crianza en prisi\u00f3n, como parte de los esfuerzos acad\u00e9micos para el an\u00e1lisis y atenci\u00f3n de esta problem\u00e1tica.<br><\/p>\n\n\n\n<figure class=\"wp-block-image size-large\"><img fetchpriority=\"high\" decoding=\"async\" width=\"1024\" height=\"506\" src=\"https:\/\/elinformante.mx\/wp-content\/uploads\/2026\/05\/5uaemex-1024x506.jpg\" alt=\"\" class=\"wp-image-104282\" srcset=\"https:\/\/elinformante.mx\/wp-content\/uploads\/2026\/05\/5uaemex-1024x506.jpg 1024w, https:\/\/elinformante.mx\/wp-content\/uploads\/2026\/05\/5uaemex-300x148.jpg 300w, https:\/\/elinformante.mx\/wp-content\/uploads\/2026\/05\/5uaemex-768x379.jpg 768w, https:\/\/elinformante.mx\/wp-content\/uploads\/2026\/05\/5uaemex.jpg 1140w\" sizes=\"(max-width: 1024px) 100vw, 1024px\" \/><\/figure>\n\n\n\n<p>Durante su intervenci\u00f3n, Zarza Delgado destac\u00f3 que la C\u00e1tedra se consolida como un espacio multidisciplinario e intersectorial que busca no solo estudiar esta realidad, sino incidir en ella mediante la generaci\u00f3n de conocimiento y propuestas concretas. Subray\u00f3 que esta colaboraci\u00f3n refleja una visi\u00f3n compartida con el Gobierno estatal, encabezado por Delfina G\u00f3mez \u00c1lvarez, para atender a sectores hist\u00f3ricamente invisibilizados.<br><\/p>\n\n\n\n<p>Asimismo, refrend\u00f3 el compromiso de la UAEM\u00e9x de trabajar de manera coordinada con instancias como la Comisi\u00f3n de Derechos Humanos del Estado de M\u00e9xico, con el fin de construir soluciones que garanticen el ejercicio pleno de los derechos de la ni\u00f1ez y adolescencia.<br><\/p>\n\n\n\n<p>Por su parte, Macedo Garc\u00eda se\u00f1al\u00f3 que este convenio permitir\u00e1 desarrollar materiales, protocolos de actuaci\u00f3n, buenas pr\u00e1cticas y pol\u00edticas p\u00fablicas con un enfoque centrado en la escucha activa de ni\u00f1as, ni\u00f1os y adolescentes, fortaleciendo as\u00ed la impartici\u00f3n de justicia con perspectiva de derechos humanos.<br><\/p>\n\n\n\n<figure class=\"wp-block-image size-large\"><img decoding=\"async\" width=\"1024\" height=\"506\" src=\"https:\/\/elinformante.mx\/wp-content\/uploads\/2026\/05\/5uaemex-2-1024x506.jpg\" alt=\"\" class=\"wp-image-104283\" srcset=\"https:\/\/elinformante.mx\/wp-content\/uploads\/2026\/05\/5uaemex-2-1024x506.jpg 1024w, https:\/\/elinformante.mx\/wp-content\/uploads\/2026\/05\/5uaemex-2-300x148.jpg 300w, https:\/\/elinformante.mx\/wp-content\/uploads\/2026\/05\/5uaemex-2-768x379.jpg 768w, https:\/\/elinformante.mx\/wp-content\/uploads\/2026\/05\/5uaemex-2.jpg 1140w\" sizes=\"(max-width: 1024px) 100vw, 1024px\" \/><\/figure>\n\n\n\n<p>En el acto participaron tambi\u00e9n representantes del Sistema Nacional de Protecci\u00f3n Integral de Ni\u00f1as, Ni\u00f1os y Adolescentes, as\u00ed como autoridades en materia de protecci\u00f3n especial, quienes reconocieron la importancia de articular esfuerzos institucionales para atender problem\u00e1ticas sociales complejas.<br><\/p>\n\n\n\n<p>Las coordinadoras de las obras presentadas, Diana Elisa Gonz\u00e1lez Calder\u00f3n y Christian Karel Salgado Vargas, destacaron que la protecci\u00f3n de los derechos de estas infancias representa un reto significativo, pero tambi\u00e9n una oportunidad para construir respuestas integrales desde el \u00e1mbito acad\u00e9mico y gubernamental.<br><\/p>\n\n\n\n<p>Finalmente, las autoridades realizaron un recorrido por la exposici\u00f3n fotogr\u00e1fica Las horas negras, de Patricia Aridjis, que complementa la reflexi\u00f3n sobre las condiciones de vida en contextos de reclusi\u00f3n.<\/p>\n","protected":false},"excerpt":{"rendered":"<p>Firmaron un convenio de colaboraci\u00f3n que permitir\u00e1 fortalecer los trabajos de una c\u00e1tedra de investigaci\u00f3n en la materia. Con el objetivo de visibilizar las realidades, desaf\u00edos y necesidades de ni\u00f1as, ni\u00f1os y adolescentes con referentes de crianza en prisi\u00f3n, la Universidad Aut\u00f3noma del Estado de M\u00e9xico y el Poder Judicial del Estado de M\u00e9xico firmaron [&hellip;]<\/p>\n","protected":false},"author":1,"featured_media":104284,"comment_status":"closed","ping_status":"closed","sticky":false,"template":"","format":"standard","meta":{"footnotes":""},"categories":[30,36,31],"tags":[46],"class_list":["post-104279","post","type-post","status-publish","format-standard","has-post-thumbnail","hentry","category-destacado","category-edomex","category-portada","tag-portadaedomex"],"_links":{"self":[{"href":"https:\/\/elinformante.mx\/index.php?rest_route=\/wp\/v2\/posts\/104279","targetHints":{"allow":["GET"]}}],"collection":[{"href":"https:\/\/elinformante.mx\/index.php?rest_route=\/wp\/v2\/posts"}],"about":[{"href":"https:\/\/elinformante.mx\/index.php?rest_route=\/wp\/v2\/types\/post"}],"author":[{"embeddable":true,"href":"https:\/\/elinformante.mx\/index.php?rest_route=\/wp\/v2\/users\/1"}],"replies":[{"embeddable":true,"href":"https:\/\/elinformante.mx\/index.php?rest_route=%2Fwp%2Fv2%2Fcomments&post=104279"}],"version-history":[{"count":0,"href":"https:\/\/elinformante.mx\/index.php?rest_route=\/wp\/v2\/posts\/104279\/revisions"}],"wp:featuredmedia":[{"embeddable":true,"href":"https:\/\/elinformante.mx\/index.php?rest_route=\/wp\/v2\/media\/104284"}],"wp:attachment":[{"href":"https:\/\/elinformante.mx\/index.php?rest_route=%2Fwp%2Fv2%2Fmedia&parent=104279"}],"wp:term":[{"taxonomy":"category","embeddable":true,"href":"https:\/\/elinformante.mx\/index.php?rest_route=%2Fwp%2Fv2%2Fcategories&post=104279"},{"taxonomy":"post_tag","embeddable":true,"href":"https:\/\/elinformante.mx\/index.php?rest_route=%2Fwp%2Fv2%2Ftags&post=104279"}],"curies":[{"name":"wp","href":"https:\/\/api.w.org\/{rel}","templated":true}]}}