{"id":104293,"date":"2026-05-01T06:24:12","date_gmt":"2026-05-01T12:24:12","guid":{"rendered":"https:\/\/elinformante.mx\/?p=104293"},"modified":"2026-05-01T06:24:15","modified_gmt":"2026-05-01T12:24:15","slug":"sheinbaum-y-delfina-gomez-convierten-el-dia-del-nino-en-arranque-nacional-de-becas","status":"publish","type":"post","link":"https:\/\/elinformante.mx\/?p=104293","title":{"rendered":"SHEINBAUM Y DELFINA G\u00d3MEZ CONVIERTEN EL D\u00cdA DEL NI\u00d1O EN ARRANQUE NACIONAL DE BECAS"},"content":{"rendered":"\n<figure class=\"wp-block-pullquote\"><blockquote><p>Desde Nezahualc\u00f3yotl anuncian dep\u00f3sito de 2,500 pesos, entrega de \u00fatiles y un sistema de becas que acompa\u00f1ar\u00e1 a la ni\u00f1ez hasta la preparatoria<\/p><\/blockquote><\/figure>\n\n\n\n<p class=\"has-drop-cap\">Entre mochilas nuevas, sonrisas y ambiente escolar, la presidenta Claudia Sheinbaum Pardo y la gobernadora Delfina G\u00f3mez \u00c1lvarez encabezaron en Nezahualc\u00f3yotl el arranque nacional de la entrega de tarjetas de la Beca de Apoyo para Uniformes y \u00datiles \u201cRita Cetina\u201d, un programa que beneficiar\u00e1 a 9 millones de estudiantes de primaria p\u00fablica en todo el pa\u00eds.<br><\/p>\n\n\n\n<p>En el marco del D\u00eda de la Ni\u00f1a y el Ni\u00f1o, ambas mandatarias destacaron que esta pol\u00edtica social busca eliminar las barreras econ\u00f3micas en el acceso a la educaci\u00f3n, al garantizar que todas las ni\u00f1as y ni\u00f1os cuenten con lo necesario para iniciar el ciclo escolar.<br><\/p>\n\n\n\n<p>El apoyo consiste en un dep\u00f3sito anual de 2 mil 500 pesos, que ser\u00e1 entregado en agosto a trav\u00e9s de la tarjeta del Banco del Bienestar, adem\u00e1s de complementarse con uniformes, calzado, mochilas y \u00fatiles escolares, como parte de una estrategia integral de respaldo a las familias.<br><\/p>\n\n\n\n<figure class=\"wp-block-image size-large\"><img fetchpriority=\"high\" decoding=\"async\" width=\"1024\" height=\"506\" src=\"https:\/\/elinformante.mx\/wp-content\/uploads\/2026\/05\/6claudia-4-1024x506.jpg\" alt=\"\" class=\"wp-image-104296\" srcset=\"https:\/\/elinformante.mx\/wp-content\/uploads\/2026\/05\/6claudia-4-1024x506.jpg 1024w, https:\/\/elinformante.mx\/wp-content\/uploads\/2026\/05\/6claudia-4-300x148.jpg 300w, https:\/\/elinformante.mx\/wp-content\/uploads\/2026\/05\/6claudia-4-768x379.jpg 768w, https:\/\/elinformante.mx\/wp-content\/uploads\/2026\/05\/6claudia-4.jpg 1140w\" sizes=\"(max-width: 1024px) 100vw, 1024px\" \/><\/figure>\n\n\n\n<p>\u201cQue sean felices en la escuela tiene que ver con que todas y todos tengan lo b\u00e1sico. Por eso dise\u00f1amos esta beca: para que ninguna familia tenga que preocuparse por comprar uniformes o \u00fatiles\u201d, afirm\u00f3 la presidenta desde la Escuela Primaria \u201cIsidro Fabela\u201d.<br><\/p>\n\n\n\n<p>Sheinbaum subray\u00f3 que este programa forma parte de un modelo nacional de becas que acompa\u00f1ar\u00e1 a las y los estudiantes durante toda su trayectoria educativa, ya que, tras concluir la primaria, podr\u00e1n acceder a la beca Rita Cetina en secundaria y posteriormente a la Beca Benito Ju\u00e1rez en educaci\u00f3n media superior.<br><\/p>\n\n\n\n<p>Asimismo, hizo un llamado a las ni\u00f1as y ni\u00f1os a crecer en valores y a reconocer el potencial del pa\u00eds. \u201cM\u00e9xico es un pa\u00eds extraordinario. Hay que amar a la familia, al pr\u00f3jimo, a la naturaleza y a nuestra patria\u201d, expres\u00f3 tras participar en actividades con estudiantes.<br><\/p>\n\n\n\n<p>Por su parte, la gobernadora Delfina G\u00f3mez \u00c1lvarez reiter\u00f3 el respaldo del Estado de M\u00e9xico al Gobierno federal y reconoci\u00f3 el impacto de estos programas en la vida de las familias. \u201cPresidenta, estamos con usted, tiene todo nuestro apoyo. El Estado de M\u00e9xico no dejar\u00e1 de agradecerle lo que est\u00e1 haciendo por la justicia social\u201d, se\u00f1al\u00f3.<br><\/p>\n\n\n\n<figure class=\"wp-block-image size-large\"><img decoding=\"async\" width=\"1024\" height=\"506\" src=\"https:\/\/elinformante.mx\/wp-content\/uploads\/2026\/05\/6claudia-2-1024x506.jpg\" alt=\"\" class=\"wp-image-104297\" srcset=\"https:\/\/elinformante.mx\/wp-content\/uploads\/2026\/05\/6claudia-2-1024x506.jpg 1024w, https:\/\/elinformante.mx\/wp-content\/uploads\/2026\/05\/6claudia-2-300x148.jpg 300w, https:\/\/elinformante.mx\/wp-content\/uploads\/2026\/05\/6claudia-2-768x379.jpg 768w, https:\/\/elinformante.mx\/wp-content\/uploads\/2026\/05\/6claudia-2.jpg 1140w\" sizes=\"(max-width: 1024px) 100vw, 1024px\" \/><\/figure>\n\n\n\n<p>Se inform\u00f3 que los dep\u00f3sitos se realizar\u00e1n de manera directa y sin intermediarios, con un calendario organizado alfab\u00e9ticamente, y que las familias podr\u00e1n consultar la informaci\u00f3n a trav\u00e9s de la aplicaci\u00f3n del Banco del Bienestar o v\u00eda telef\u00f3nica.<br><\/p>\n\n\n\n<p>En el evento participaron el secretario de Educaci\u00f3n P\u00fablica, Mario Delgado Carrillo; la subsecretaria de Educaci\u00f3n B\u00e1sica, Ang\u00e9lica Nohem\u00ed Ju\u00e1rez P\u00e9rez; el coordinador nacional de Becas para el Bienestar, Julio C\u00e9sar Le\u00f3n Trujillo; y el presidente municipal de Nezahualc\u00f3yotl, Adolfo Cerqueda Rebollo, quien destac\u00f3 que estas acciones fortalecen el acceso a derechos fundamentales como la educaci\u00f3n y el bienestar.<br><\/p>\n\n\n\n<p>Con este arranque, el Gobierno de M\u00e9xico consolida una pol\u00edtica educativa de car\u00e1cter universal que busca reducir desigualdades desde las aulas y garantizar que ninguna ni\u00f1a o ni\u00f1o abandone la escuela por falta de recursos.<\/p>\n\n\n\n<figure class=\"wp-block-image size-large\"><img decoding=\"async\" width=\"1024\" height=\"506\" src=\"https:\/\/elinformante.mx\/wp-content\/uploads\/2026\/05\/6claudia-3-1024x506.jpg\" alt=\"\" class=\"wp-image-104298\" srcset=\"https:\/\/elinformante.mx\/wp-content\/uploads\/2026\/05\/6claudia-3-1024x506.jpg 1024w, https:\/\/elinformante.mx\/wp-content\/uploads\/2026\/05\/6claudia-3-300x148.jpg 300w, https:\/\/elinformante.mx\/wp-content\/uploads\/2026\/05\/6claudia-3-768x379.jpg 768w, https:\/\/elinformante.mx\/wp-content\/uploads\/2026\/05\/6claudia-3.jpg 1140w\" sizes=\"(max-width: 1024px) 100vw, 1024px\" \/><\/figure>\n","protected":false},"excerpt":{"rendered":"<p>Desde Nezahualc\u00f3yotl anuncian dep\u00f3sito de 2,500 pesos, entrega de \u00fatiles y un sistema de becas que acompa\u00f1ar\u00e1 a la ni\u00f1ez hasta la preparatoria Entre mochilas nuevas, sonrisas y ambiente escolar, la presidenta Claudia Sheinbaum Pardo y la gobernadora Delfina G\u00f3mez \u00c1lvarez encabezaron en Nezahualc\u00f3yotl el arranque nacional de la entrega de tarjetas de la Beca [&hellip;]<\/p>\n","protected":false},"author":1,"featured_media":104295,"comment_status":"closed","ping_status":"closed","sticky":false,"template":"","format":"standard","meta":{"footnotes":""},"categories":[30,34,31],"tags":[47],"class_list":["post-104293","post","type-post","status-publish","format-standard","has-post-thumbnail","hentry","category-destacado","category-nacional","category-portada","tag-portadanacional"],"_links":{"self":[{"href":"https:\/\/elinformante.mx\/index.php?rest_route=\/wp\/v2\/posts\/104293","targetHints":{"allow":["GET"]}}],"collection":[{"href":"https:\/\/elinformante.mx\/index.php?rest_route=\/wp\/v2\/posts"}],"about":[{"href":"https:\/\/elinformante.mx\/index.php?rest_route=\/wp\/v2\/types\/post"}],"author":[{"embeddable":true,"href":"https:\/\/elinformante.mx\/index.php?rest_route=\/wp\/v2\/users\/1"}],"replies":[{"embeddable":true,"href":"https:\/\/elinformante.mx\/index.php?rest_route=%2Fwp%2Fv2%2Fcomments&post=104293"}],"version-history":[{"count":0,"href":"https:\/\/elinformante.mx\/index.php?rest_route=\/wp\/v2\/posts\/104293\/revisions"}],"wp:featuredmedia":[{"embeddable":true,"href":"https:\/\/elinformante.mx\/index.php?rest_route=\/wp\/v2\/media\/104295"}],"wp:attachment":[{"href":"https:\/\/elinformante.mx\/index.php?rest_route=%2Fwp%2Fv2%2Fmedia&parent=104293"}],"wp:term":[{"taxonomy":"category","embeddable":true,"href":"https:\/\/elinformante.mx\/index.php?rest_route=%2Fwp%2Fv2%2Fcategories&post=104293"},{"taxonomy":"post_tag","embeddable":true,"href":"https:\/\/elinformante.mx\/index.php?rest_route=%2Fwp%2Fv2%2Ftags&post=104293"}],"curies":[{"name":"wp","href":"https:\/\/api.w.org\/{rel}","templated":true}]}}