{"id":112089,"date":"2026-08-31T05:25:45","date_gmt":"2026-08-31T11:25:45","guid":{"rendered":"https:\/\/elinformante.mx\/?p=112089"},"modified":"2026-08-31T05:26:00","modified_gmt":"2026-08-31T11:26:00","slug":"pato-oward-gana-en-milwaukee-y-hace-historia-en-indycar","status":"publish","type":"post","link":"https:\/\/elinformante.mx\/?p=112089","title":{"rendered":"Pato O\u2019Ward Gana en Milwaukee y hace historia en IndyCar"},"content":{"rendered":"\n<figure class=\"wp-block-pullquote\"><blockquote><p>El mexicano conquist\u00f3 su segunda victoria de la temporada y lleg\u00f3 a 11 triunfos en IndyCar, igualando la marca de Adri\u00e1n Fern\u00e1ndez.<\/p><\/blockquote><\/figure>\n\n\n\n<p class=\"has-drop-cap wp-block-paragraph\">Patricio O\u2019Ward volvi\u00f3 a subir a lo m\u00e1s alto del podio en la IndyCar Series. El piloto mexicano se impuso en la segunda carrera del fin de semana en el \u00f3valo de Milwaukee Mile, en una espectacular remontada despu\u00e9s de un complicado inicio.<br><\/p>\n\n\n\n<p class=\"wp-block-paragraph\">El regiomontano arranc\u00f3 desde la segunda posici\u00f3n, pero un problema durante su primera parada en pits, provocado por una falla con la tuerca de la rueda trasera derecha, lo hizo caer hasta el decimoquinto lugar.<br><\/p>\n\n\n\n<p class=\"wp-block-paragraph\">Lejos de rendirse, O\u2019Ward recuper\u00f3 posiciones gracias a un ritmo constante y a una gran ejecuci\u00f3n de su equipo Arrow McLaren. El momento decisivo lleg\u00f3 en la vuelta 196, cuando aprovech\u00f3 las paradas de Scott McLaughlin y Christian Lundgaard para tomar el liderato.<br><\/p>\n\n\n\n<p class=\"wp-block-paragraph\">En las vueltas finales, el mexicano soport\u00f3 la presi\u00f3n de McLaughlin y se mantuvo al frente hasta recibir la bandera a cuadros con una ventaja de apenas ocho d\u00e9cimas de segundo. Lundgaard complet\u00f3 el podio en la tercera posici\u00f3n.<br><\/p>\n\n\n\n<p class=\"wp-block-paragraph\">Con esta victoria, O\u2019Ward lleg\u00f3 a 11 triunfos en su trayectoria dentro de IndyCar, igualando el registro del hist\u00f3rico piloto mexicano Adri\u00e1n Fern\u00e1ndez.<br><\/p>\n\n\n\n<p class=\"wp-block-paragraph\">Mientras tanto, \u00c1lex Palou termin\u00f3 quinto y ampli\u00f3 su ventaja en el campeonato a 94 puntos sobre Kyle Kirkwood, por lo que el espa\u00f1ol qued\u00f3 muy cerca de conquistar su quinto t\u00edtulo de IndyCar.<br><\/p>\n\n\n\n<p class=\"wp-block-paragraph\">La actividad en Milwaukee continuar\u00e1 con la carrera que hab\u00eda sido suspendida el s\u00e1bado debido a la lluvia. O\u2019Ward buscar\u00e1 cerrar un fin de semana perfecto, pues antes de la interrupci\u00f3n tambi\u00e9n se encontraba en la pelea por la victoria.<\/p>\n","protected":false},"excerpt":{"rendered":"<p>El mexicano conquist\u00f3 su segunda victoria de la temporada y lleg\u00f3 a 11 triunfos en IndyCar, igualando la marca de Adri\u00e1n Fern\u00e1ndez. Patricio O\u2019Ward volvi\u00f3 a subir a lo m\u00e1s alto del podio en la IndyCar Series. El piloto mexicano se impuso en la segunda carrera del fin de semana en el \u00f3valo de Milwaukee [&hellip;]<\/p>\n","protected":false},"author":1,"featured_media":112094,"comment_status":"closed","ping_status":"closed","sticky":false,"template":"","format":"standard","meta":{"footnotes":""},"categories":[38,30],"tags":[],"class_list":["post-112089","post","type-post","status-publish","format-standard","has-post-thumbnail","hentry","category-deportes","category-destacado"],"_links":{"self":[{"href":"https:\/\/elinformante.mx\/index.php?rest_route=\/wp\/v2\/posts\/112089","targetHints":{"allow":["GET"]}}],"collection":[{"href":"https:\/\/elinformante.mx\/index.php?rest_route=\/wp\/v2\/posts"}],"about":[{"href":"https:\/\/elinformante.mx\/index.php?rest_route=\/wp\/v2\/types\/post"}],"author":[{"embeddable":true,"href":"https:\/\/elinformante.mx\/index.php?rest_route=\/wp\/v2\/users\/1"}],"replies":[{"embeddable":true,"href":"https:\/\/elinformante.mx\/index.php?rest_route=%2Fwp%2Fv2%2Fcomments&post=112089"}],"version-history":[{"count":112095,"href":"https:\/\/elinformante.mx\/index.php?rest_route=\/wp\/v2\/posts\/112089\/revisions"}],"predecessor-version":[{"id":112095,"href":"https:\/\/elinformante.mx\/index.php?rest_route=\/wp\/v2\/posts\/112089\/revisions\/112095"}],"wp:featuredmedia":[{"embeddable":true,"href":"https:\/\/elinformante.mx\/index.php?rest_route=\/wp\/v2\/media\/112094"}],"wp:attachment":[{"href":"https:\/\/elinformante.mx\/index.php?rest_route=%2Fwp%2Fv2%2Fmedia&parent=112089"}],"wp:term":[{"taxonomy":"category","embeddable":true,"href":"https:\/\/elinformante.mx\/index.php?rest_route=%2Fwp%2Fv2%2Fcategories&post=112089"},{"taxonomy":"post_tag","embeddable":true,"href":"https:\/\/elinformante.mx\/index.php?rest_route=%2Fwp%2Fv2%2Ftags&post=112089"}],"curies":[{"name":"wp","href":"https:\/\/api.w.org\/{rel}","templated":true}]}}