{"id":112102,"date":"2026-08-31T05:31:44","date_gmt":"2026-08-31T11:31:44","guid":{"rendered":"https:\/\/elinformante.mx\/?p=112102"},"modified":"2026-08-31T05:31:50","modified_gmt":"2026-08-31T11:31:50","slug":"isaac-montoya-celebra-a-los-papas-naucalpenses-con-la-rifa-un-impulso-para-papa","status":"publish","type":"post","link":"https:\/\/elinformante.mx\/?p=112102","title":{"rendered":"Isaac Montoya celebra a los pap\u00e1s naucalpenses con la rifa \u201cUn Impulso para Pap\u00e1\u201d"},"content":{"rendered":"\n<figure class=\"wp-block-pullquote\"><blockquote><p>M\u00e1s de 5 mil personas participaron en una jornada familiar en la que se sortearon dos autom\u00f3viles, una camioneta y 10 pantallas.<\/p><\/blockquote><\/figure>\n\n\n\n<p class=\"has-drop-cap wp-block-paragraph\">El presidente municipal Isaac Montoya M\u00e1rquez, acompa\u00f1ado por la presidenta honoraria del DIF Naucalpan, Adriana G. Escobar, encabez\u00f3 la celebraci\u00f3n \u201cUn Impulso para Pap\u00e1\u201d, una jornada dedicada a reconocer el esfuerzo, responsabilidad y compromiso de los padres naucalpenses con sus familias.<br><\/p>\n\n\n\n<p class=\"wp-block-paragraph\">La actividad reuni\u00f3 a m\u00e1s de 5 mil personas en la explanada del Palacio Municipal, donde se llev\u00f3 a cabo la rifa de dos autom\u00f3viles, una camioneta y 10 pantallas, con la presencia del Notario P\u00fablico n\u00famero 136, V\u00edctor Humberto, como parte del procedimiento de transparencia del sorteo.<br><\/p>\n\n\n\n<p class=\"wp-block-paragraph\">Los autom\u00f3viles fueron entregados a Jer\u00f3nimo V\u00e1zquez, vecino de Lomas de la Ca\u00f1ada, y Alberto Ayala, de San Luis Tlatilco, mientras que la camioneta correspondi\u00f3 a Omar Vallejo de los Santos, habitante de San Francisco Chimalpa, de la comunidad de El Llano de las Flores.<br><\/p>\n\n\n\n<figure class=\"wp-block-image size-large\"><img fetchpriority=\"high\" decoding=\"async\" width=\"1024\" height=\"506\" src=\"https:\/\/elinformante.mx\/wp-content\/uploads\/2026\/08\/12NAUCALPAN-2-8-1024x506.jpg\" alt=\"\" class=\"wp-image-112108\" srcset=\"https:\/\/elinformante.mx\/wp-content\/uploads\/2026\/08\/12NAUCALPAN-2-8-1024x506.jpg 1024w, https:\/\/elinformante.mx\/wp-content\/uploads\/2026\/08\/12NAUCALPAN-2-8-300x148.jpg 300w, https:\/\/elinformante.mx\/wp-content\/uploads\/2026\/08\/12NAUCALPAN-2-8-767x379.jpg 767w, https:\/\/elinformante.mx\/wp-content\/uploads\/2026\/08\/12NAUCALPAN-2-8.jpg 1140w\" sizes=\"(max-width: 1024px) 100vw, 1024px\" \/><\/figure>\n\n\n\n<p class=\"wp-block-paragraph\">Durante la jornada, las familias naucalpenses disfrutaron tambi\u00e9n de m\u00fasica y entretenimiento con la presentaci\u00f3n de La Sonora Dinamita de Lucho Argain, que puso a bailar a las y los asistentes en un ambiente de convivencia.<br><\/p>\n\n\n\n<p class=\"wp-block-paragraph\">Isaac Montoya destac\u00f3 que reconocer a los padres responsables significa valorar a quienes, mediante su trabajo, dedicaci\u00f3n y amor, contribuyen diariamente al bienestar de sus hogares. Asimismo, agradeci\u00f3 la participaci\u00f3n de las familias y el trabajo del DIF Naucalpan para hacer posible esta celebraci\u00f3n.<br><\/p>\n\n\n\n<p class=\"wp-block-paragraph\">Con este encuentro, el Gobierno Municipal refrend\u00f3 su compromiso de generar espacios de convivencia familiar y reconocer a quienes contribuyen, desde sus hogares, a fortalecer el tejido social de Naucalpan.<\/p>\n","protected":false},"excerpt":{"rendered":"<p>M\u00e1s de 5 mil personas participaron en una jornada familiar en la que se sortearon dos autom\u00f3viles, una camioneta y 10 pantallas. El presidente municipal Isaac Montoya M\u00e1rquez, acompa\u00f1ado por la presidenta honoraria del DIF Naucalpan, Adriana G. Escobar, encabez\u00f3 la celebraci\u00f3n \u201cUn Impulso para Pap\u00e1\u201d, una jornada dedicada a reconocer el esfuerzo, responsabilidad y [&hellip;]<\/p>\n","protected":false},"author":1,"featured_media":112107,"comment_status":"closed","ping_status":"closed","sticky":false,"template":"","format":"standard","meta":{"footnotes":""},"categories":[36],"tags":[],"class_list":["post-112102","post","type-post","status-publish","format-standard","has-post-thumbnail","hentry","category-edomex"],"_links":{"self":[{"href":"https:\/\/elinformante.mx\/index.php?rest_route=\/wp\/v2\/posts\/112102","targetHints":{"allow":["GET"]}}],"collection":[{"href":"https:\/\/elinformante.mx\/index.php?rest_route=\/wp\/v2\/posts"}],"about":[{"href":"https:\/\/elinformante.mx\/index.php?rest_route=\/wp\/v2\/types\/post"}],"author":[{"embeddable":true,"href":"https:\/\/elinformante.mx\/index.php?rest_route=\/wp\/v2\/users\/1"}],"replies":[{"embeddable":true,"href":"https:\/\/elinformante.mx\/index.php?rest_route=%2Fwp%2Fv2%2Fcomments&post=112102"}],"version-history":[{"count":112109,"href":"https:\/\/elinformante.mx\/index.php?rest_route=\/wp\/v2\/posts\/112102\/revisions"}],"predecessor-version":[{"id":112109,"href":"https:\/\/elinformante.mx\/index.php?rest_route=\/wp\/v2\/posts\/112102\/revisions\/112109"}],"wp:featuredmedia":[{"embeddable":true,"href":"https:\/\/elinformante.mx\/index.php?rest_route=\/wp\/v2\/media\/112107"}],"wp:attachment":[{"href":"https:\/\/elinformante.mx\/index.php?rest_route=%2Fwp%2Fv2%2Fmedia&parent=112102"}],"wp:term":[{"taxonomy":"category","embeddable":true,"href":"https:\/\/elinformante.mx\/index.php?rest_route=%2Fwp%2Fv2%2Fcategories&post=112102"},{"taxonomy":"post_tag","embeddable":true,"href":"https:\/\/elinformante.mx\/index.php?rest_route=%2Fwp%2Fv2%2Ftags&post=112102"}],"curies":[{"name":"wp","href":"https:\/\/api.w.org\/{rel}","templated":true}]}}