{"id":112106,"date":"2026-08-31T05:33:14","date_gmt":"2026-08-31T11:33:14","guid":{"rendered":"https:\/\/elinformante.mx\/?p=112106"},"modified":"2026-08-31T05:33:18","modified_gmt":"2026-08-31T11:33:18","slug":"saray-benitez-reconoce-a-adultos-mayores-y-ninas-y-ninos-de-mexicaltzingo","status":"publish","type":"post","link":"https:\/\/elinformante.mx\/?p=112106","title":{"rendered":"Saray Ben\u00edtez reconoce a adultos mayores y ni\u00f1as y ni\u00f1os de Mexicaltzingo"},"content":{"rendered":"\n<figure class=\"wp-block-pullquote\"><blockquote><p>Celebr\u00f3 a las personas adultas mayores de la Casa de D\u00eda y premi\u00f3 a participantes destacados del Curso de Verano por su compromiso y disciplina.<\/p><\/blockquote><\/figure>\n\n\n\n<p class=\"has-drop-cap wp-block-paragraph\">Con actividades encaminadas a fortalecer la convivencia y reconocer la participaci\u00f3n de distintos sectores de la poblaci\u00f3n, la presidenta municipal Saray Ben\u00edtez Espinosa encabez\u00f3 diversas acciones en beneficio de las familias de Mexicaltzingo.<br><\/p>\n\n\n\n<p class=\"wp-block-paragraph\">En el marco del D\u00eda de las Personas Adultas Mayores, se llev\u00f3 a cabo una celebraci\u00f3n para quienes forman parte de la Casa de D\u00eda del DIF Municipal, donde se reconoci\u00f3 su trayectoria, experiencia y aportaciones a las familias y a la comunidad.<br><\/p>\n\n\n\n<p class=\"wp-block-paragraph\">Durante el festejo se realiz\u00f3 la tradicional coronaci\u00f3n del Rey, la Reina y las Princesas, en un ambiente de alegr\u00eda y convivencia. La presidenta municipal destac\u00f3 la importancia de valorar las historias y ense\u00f1anzas de las personas adultas mayores, as\u00ed como su contribuci\u00f3n al desarrollo de Mexicaltzingo.<br><\/p>\n\n\n\n<figure class=\"wp-block-image size-large\"><img fetchpriority=\"high\" decoding=\"async\" width=\"1024\" height=\"506\" src=\"https:\/\/elinformante.mx\/wp-content\/uploads\/2026\/08\/12MEXI-8-1024x506.jpg\" alt=\"\" class=\"wp-image-112112\" srcset=\"https:\/\/elinformante.mx\/wp-content\/uploads\/2026\/08\/12MEXI-8-1024x506.jpg 1024w, https:\/\/elinformante.mx\/wp-content\/uploads\/2026\/08\/12MEXI-8-300x148.jpg 300w, https:\/\/elinformante.mx\/wp-content\/uploads\/2026\/08\/12MEXI-8-767x379.jpg 767w, https:\/\/elinformante.mx\/wp-content\/uploads\/2026\/08\/12MEXI-8.jpg 1140w\" sizes=\"(max-width: 1024px) 100vw, 1024px\" \/><\/figure>\n\n\n\n<p class=\"wp-block-paragraph\">Por otra parte, el Gobierno Municipal reconoci\u00f3 a ni\u00f1as y ni\u00f1os participantes del Curso de Verano que sobresalieron por su puntualidad, disciplina, respeto y empat\u00eda durante las actividades.<br><\/p>\n\n\n\n<p class=\"wp-block-paragraph\">Como est\u00edmulo a su compromiso y desempe\u00f1o, las y los menores recibieron boletos para disfrutar del partido entre Toluca y Ju\u00e1rez, como parte de una actividad destinada a premiar sus valores y fomentar la sana convivencia.<br><\/p>\n\n\n\n<p class=\"wp-block-paragraph\">El Gobierno de Mexicaltzingo refrenda su compromiso de impulsar actividades que reconozcan a las personas adultas mayores y motiven a las nuevas generaciones a fortalecer valores como el respeto, la responsabilidad y la solidaridad.<\/p>\n","protected":false},"excerpt":{"rendered":"<p>Celebr\u00f3 a las personas adultas mayores de la Casa de D\u00eda y premi\u00f3 a participantes destacados del Curso de Verano por su compromiso y disciplina. Con actividades encaminadas a fortalecer la convivencia y reconocer la participaci\u00f3n de distintos sectores de la poblaci\u00f3n, la presidenta municipal Saray Ben\u00edtez Espinosa encabez\u00f3 diversas acciones en beneficio de las [&hellip;]<\/p>\n","protected":false},"author":1,"featured_media":112111,"comment_status":"closed","ping_status":"closed","sticky":false,"template":"","format":"standard","meta":{"footnotes":""},"categories":[36],"tags":[],"class_list":["post-112106","post","type-post","status-publish","format-standard","has-post-thumbnail","hentry","category-edomex"],"_links":{"self":[{"href":"https:\/\/elinformante.mx\/index.php?rest_route=\/wp\/v2\/posts\/112106","targetHints":{"allow":["GET"]}}],"collection":[{"href":"https:\/\/elinformante.mx\/index.php?rest_route=\/wp\/v2\/posts"}],"about":[{"href":"https:\/\/elinformante.mx\/index.php?rest_route=\/wp\/v2\/types\/post"}],"author":[{"embeddable":true,"href":"https:\/\/elinformante.mx\/index.php?rest_route=\/wp\/v2\/users\/1"}],"replies":[{"embeddable":true,"href":"https:\/\/elinformante.mx\/index.php?rest_route=%2Fwp%2Fv2%2Fcomments&post=112106"}],"version-history":[{"count":112113,"href":"https:\/\/elinformante.mx\/index.php?rest_route=\/wp\/v2\/posts\/112106\/revisions"}],"predecessor-version":[{"id":112113,"href":"https:\/\/elinformante.mx\/index.php?rest_route=\/wp\/v2\/posts\/112106\/revisions\/112113"}],"wp:featuredmedia":[{"embeddable":true,"href":"https:\/\/elinformante.mx\/index.php?rest_route=\/wp\/v2\/media\/112111"}],"wp:attachment":[{"href":"https:\/\/elinformante.mx\/index.php?rest_route=%2Fwp%2Fv2%2Fmedia&parent=112106"}],"wp:term":[{"taxonomy":"category","embeddable":true,"href":"https:\/\/elinformante.mx\/index.php?rest_route=%2Fwp%2Fv2%2Fcategories&post=112106"},{"taxonomy":"post_tag","embeddable":true,"href":"https:\/\/elinformante.mx\/index.php?rest_route=%2Fwp%2Fv2%2Ftags&post=112106"}],"curies":[{"name":"wp","href":"https:\/\/api.w.org\/{rel}","templated":true}]}}