{"id":112110,"date":"2026-08-31T05:34:58","date_gmt":"2026-08-31T11:34:58","guid":{"rendered":"https:\/\/elinformante.mx\/?p=112110"},"modified":"2026-08-31T05:35:04","modified_gmt":"2026-08-31T11:35:04","slug":"manuel-vilchis-celebra-el-206-aniversario-de-zinacantepec","status":"publish","type":"post","link":"https:\/\/elinformante.mx\/?p=112110","title":{"rendered":"Manuel Vilchis celebra el 206 aniversario de Zinacantepec"},"content":{"rendered":"\n<figure class=\"wp-block-pullquote\"><blockquote><p>El alcalde entreg\u00f3 la Presea Zinacant\u00e9petl 2026 y destac\u00f3 la historia, identidad y aportaciones de las familias zinacantepequenses.<\/p><\/blockquote><\/figure>\n\n\n\n<p class=\"has-drop-cap wp-block-paragraph\">En el marco del 206 Aniversario de la Erecci\u00f3n de Zinacantepec, el presidente municipal Manuel Vilchis Viveros llam\u00f3 a dejar atr\u00e1s la confrontaci\u00f3n y avanzar hacia un municipio basado en el di\u00e1logo, la unidad y los resultados, con una visi\u00f3n de futuro que coloque la protecci\u00f3n del medio ambiente como una prioridad.<br><\/p>\n\n\n\n<p class=\"wp-block-paragraph\">Durante la ceremonia solemne, realizada en el Museo Virreinal, el alcalde destac\u00f3 que Zinacantepec es una tierra de historia, tradiciones e identidad, cuya fortaleza se encuentra en el trabajo cotidiano de sus habitantes. En este contexto, hizo un llamado a privilegiar el respeto entre las distintas expresiones y a construir acuerdos en beneficio de la poblaci\u00f3n.<br><\/p>\n\n\n\n<p class=\"wp-block-paragraph\">Como parte de la celebraci\u00f3n, el Gobierno Municipal entreg\u00f3 la Presea Zinacant\u00e9petl 2026 a mujeres y hombres destacados por su trayectoria, vocaci\u00f3n y aportaciones en distintos \u00e1mbitos, reconociendo su contribuci\u00f3n al desarrollo de la comunidad y como ejemplo para las nuevas generaciones.<br><\/p>\n\n\n\n<p class=\"wp-block-paragraph\">Vilchis Viveros plante\u00f3 adem\u00e1s la posibilidad de convertir a Zinacantepec en un municipio referente en materia ambiental, al destacar la riqueza de sus bosques, \u00e1reas de conservaci\u00f3n y comunidades. Se\u00f1al\u00f3 que la sustentabilidad debe traducirse en pol\u00edticas p\u00fablicas que est\u00e9n presentes en la educaci\u00f3n, planeaci\u00f3n urbana, gesti\u00f3n del agua, manejo de residuos, movilidad y protecci\u00f3n de los recursos naturales.<br><\/p>\n\n\n\n<figure class=\"wp-block-image size-large\"><img fetchpriority=\"high\" decoding=\"async\" width=\"1024\" height=\"506\" src=\"https:\/\/elinformante.mx\/wp-content\/uploads\/2026\/08\/12ZINA2-1-1024x506.jpg\" alt=\"\" class=\"wp-image-112116\" srcset=\"https:\/\/elinformante.mx\/wp-content\/uploads\/2026\/08\/12ZINA2-1-1024x506.jpg 1024w, https:\/\/elinformante.mx\/wp-content\/uploads\/2026\/08\/12ZINA2-1-767x379.jpg 767w, https:\/\/elinformante.mx\/wp-content\/uploads\/2026\/08\/12ZINA2-1-300x148.jpg 300w, https:\/\/elinformante.mx\/wp-content\/uploads\/2026\/08\/12ZINA2-1.jpg 1140w\" sizes=\"(max-width: 1024px) 100vw, 1024px\" \/><\/figure>\n\n\n\n<p class=\"wp-block-paragraph\">El presidente municipal reconoci\u00f3 el respaldo de la Gobernadora del Estado de M\u00e9xico, Delfina G\u00f3mez \u00c1lvarez, as\u00ed como la colaboraci\u00f3n del diputado Jos\u00e9 Alberto Couttolenc Buentello, del Cabildo y de las y los trabajadores del Ayuntamiento, cuyo esfuerzo diario, dijo, permite mantener en funcionamiento los servicios p\u00fablicos y atender las necesidades de la poblaci\u00f3n.<br><\/p>\n\n\n\n<p class=\"wp-block-paragraph\">Asimismo, agradeci\u00f3 a las familias de Zinacantepec por su participaci\u00f3n y confianza, y destac\u00f3 especialmente a quienes realizan labores de limpieza, mantenimiento, alumbrado y atenci\u00f3n de emergencias, al considerar que representan el rostro cotidiano del servicio p\u00fablico.<br><\/p>\n\n\n\n<p class=\"wp-block-paragraph\">Al cierre de su mensaje, Vilchis Viveros afirm\u00f3 que el futuro del municipio depende de la participaci\u00f3n conjunta de autoridades y ciudadan\u00eda, y convoc\u00f3 a fortalecer la unidad, el respeto y el sentido de pertenencia para construir un Zinacantepec m\u00e1s fuerte, humano, justo y sustentable.<br><\/p>\n\n\n\n<p class=\"wp-block-paragraph\">Las actividades conmemorativas concluyeron con una celebraci\u00f3n musical en la Plaza Constituci\u00f3n, donde se presentaron Los Askis y Raymix, en un ambiente de convivencia que reuni\u00f3 a miles de habitantes.<\/p>\n","protected":false},"excerpt":{"rendered":"<p>El alcalde entreg\u00f3 la Presea Zinacant\u00e9petl 2026 y destac\u00f3 la historia, identidad y aportaciones de las familias zinacantepequenses. En el marco del 206 Aniversario de la Erecci\u00f3n de Zinacantepec, el presidente municipal Manuel Vilchis Viveros llam\u00f3 a dejar atr\u00e1s la confrontaci\u00f3n y avanzar hacia un municipio basado en el di\u00e1logo, la unidad y los resultados, [&hellip;]<\/p>\n","protected":false},"author":1,"featured_media":112115,"comment_status":"closed","ping_status":"closed","sticky":false,"template":"","format":"standard","meta":{"footnotes":""},"categories":[30,36],"tags":[],"class_list":["post-112110","post","type-post","status-publish","format-standard","has-post-thumbnail","hentry","category-destacado","category-edomex"],"_links":{"self":[{"href":"https:\/\/elinformante.mx\/index.php?rest_route=\/wp\/v2\/posts\/112110","targetHints":{"allow":["GET"]}}],"collection":[{"href":"https:\/\/elinformante.mx\/index.php?rest_route=\/wp\/v2\/posts"}],"about":[{"href":"https:\/\/elinformante.mx\/index.php?rest_route=\/wp\/v2\/types\/post"}],"author":[{"embeddable":true,"href":"https:\/\/elinformante.mx\/index.php?rest_route=\/wp\/v2\/users\/1"}],"replies":[{"embeddable":true,"href":"https:\/\/elinformante.mx\/index.php?rest_route=%2Fwp%2Fv2%2Fcomments&post=112110"}],"version-history":[{"count":112117,"href":"https:\/\/elinformante.mx\/index.php?rest_route=\/wp\/v2\/posts\/112110\/revisions"}],"predecessor-version":[{"id":112117,"href":"https:\/\/elinformante.mx\/index.php?rest_route=\/wp\/v2\/posts\/112110\/revisions\/112117"}],"wp:featuredmedia":[{"embeddable":true,"href":"https:\/\/elinformante.mx\/index.php?rest_route=\/wp\/v2\/media\/112115"}],"wp:attachment":[{"href":"https:\/\/elinformante.mx\/index.php?rest_route=%2Fwp%2Fv2%2Fmedia&parent=112110"}],"wp:term":[{"taxonomy":"category","embeddable":true,"href":"https:\/\/elinformante.mx\/index.php?rest_route=%2Fwp%2Fv2%2Fcategories&post=112110"},{"taxonomy":"post_tag","embeddable":true,"href":"https:\/\/elinformante.mx\/index.php?rest_route=%2Fwp%2Fv2%2Ftags&post=112110"}],"curies":[{"name":"wp","href":"https:\/\/api.w.org\/{rel}","templated":true}]}}