{"id":112114,"date":"2026-08-31T05:37:43","date_gmt":"2026-08-31T11:37:43","guid":{"rendered":"https:\/\/elinformante.mx\/?p=112114"},"modified":"2026-08-31T05:37:49","modified_gmt":"2026-08-31T11:37:49","slug":"fernando-flores-festeja-a-personas-adultas-mayores-de-metepec","status":"publish","type":"post","link":"https:\/\/elinformante.mx\/?p=112114","title":{"rendered":"Fernando Flores festeja a personas adultas mayores de Metepec"},"content":{"rendered":"\n<figure class=\"wp-block-pullquote\"><blockquote><p>El DIF Municipal celebr\u00f3 el D\u00eda de la Adulta y el Adulto Mayor con actividades recreativas, baile, m\u00fasica y una rifa.<\/p><\/blockquote><\/figure>\n\n\n\n<p class=\"has-drop-cap wp-block-paragraph\">Con una jornada de m\u00fasica, baile y convivencia, el Sistema Municipal DIF Metepec, a trav\u00e9s de la Subdirecci\u00f3n de Atenci\u00f3n al Adulto Mayor, realiz\u00f3 el festejo con motivo del D\u00eda de la Adulta y el Adulto Mayor, como reconocimiento a quienes representan una parte fundamental de las familias y de la vida comunitaria del municipio.<br><\/p>\n\n\n\n<p class=\"wp-block-paragraph\">El encuentro cont\u00f3 con la presencia del presidente municipal Fernando Flores Fern\u00e1ndez y de la presidenta honoraria del DIF Metepec, Ira\u00ed Albarr\u00e1n, quienes acompa\u00f1aron a las personas adultas mayores durante una ma\u00f1ana dedicada a la convivencia y al reconocimiento de sus aportaciones.<br><\/p>\n\n\n\n<p class=\"wp-block-paragraph\">Las y los asistentes participaron en diversas actividades recreativas, disfrutaron de m\u00fasica y baile y formaron parte de una rifa especialmente preparada para la celebraci\u00f3n, que permiti\u00f3 compartir momentos de alegr\u00eda y fortalecer los lazos de convivencia.<br><\/p>\n\n\n\n<figure class=\"wp-block-image size-large\"><img fetchpriority=\"high\" decoding=\"async\" width=\"1024\" height=\"506\" src=\"https:\/\/elinformante.mx\/wp-content\/uploads\/2026\/08\/11METEPEC-18-1024x506.jpg\" alt=\"\" class=\"wp-image-112120\" srcset=\"https:\/\/elinformante.mx\/wp-content\/uploads\/2026\/08\/11METEPEC-18-1024x506.jpg 1024w, https:\/\/elinformante.mx\/wp-content\/uploads\/2026\/08\/11METEPEC-18-300x148.jpg 300w, https:\/\/elinformante.mx\/wp-content\/uploads\/2026\/08\/11METEPEC-18-767x379.jpg 767w, https:\/\/elinformante.mx\/wp-content\/uploads\/2026\/08\/11METEPEC-18.jpg 1140w\" sizes=\"(max-width: 1024px) 100vw, 1024px\" \/><\/figure>\n\n\n\n<p class=\"wp-block-paragraph\">Durante el evento, Ira\u00ed Albarr\u00e1n destac\u00f3 la importancia de generar espacios de esparcimiento, integraci\u00f3n y atenci\u00f3n para las personas adultas mayores, al reconocer el papel que desempe\u00f1an en sus familias y en el desarrollo de la comunidad.<br><\/p>\n\n\n\n<p class=\"wp-block-paragraph\">El DIF Metepec se\u00f1al\u00f3 que la atenci\u00f3n a este sector forma parte de las acciones permanentes del organismo, mediante actividades que buscan favorecer su bienestar, participaci\u00f3n y convivencia.<br><\/p>\n\n\n\n<p class=\"wp-block-paragraph\">Con este tipo de encuentros, el Gobierno de Metepec refrenda su compromiso de mantener una atenci\u00f3n cercana a las personas adultas mayores y reconocer su experiencia, aportaciones y papel como parte fundamental de las familias del municipio.<\/p>\n","protected":false},"excerpt":{"rendered":"<p>El DIF Municipal celebr\u00f3 el D\u00eda de la Adulta y el Adulto Mayor con actividades recreativas, baile, m\u00fasica y una rifa. Con una jornada de m\u00fasica, baile y convivencia, el Sistema Municipal DIF Metepec, a trav\u00e9s de la Subdirecci\u00f3n de Atenci\u00f3n al Adulto Mayor, realiz\u00f3 el festejo con motivo del D\u00eda de la Adulta y [&hellip;]<\/p>\n","protected":false},"author":1,"featured_media":112119,"comment_status":"closed","ping_status":"closed","sticky":false,"template":"","format":"standard","meta":{"footnotes":""},"categories":[36],"tags":[],"class_list":["post-112114","post","type-post","status-publish","format-standard","has-post-thumbnail","hentry","category-edomex"],"_links":{"self":[{"href":"https:\/\/elinformante.mx\/index.php?rest_route=\/wp\/v2\/posts\/112114","targetHints":{"allow":["GET"]}}],"collection":[{"href":"https:\/\/elinformante.mx\/index.php?rest_route=\/wp\/v2\/posts"}],"about":[{"href":"https:\/\/elinformante.mx\/index.php?rest_route=\/wp\/v2\/types\/post"}],"author":[{"embeddable":true,"href":"https:\/\/elinformante.mx\/index.php?rest_route=\/wp\/v2\/users\/1"}],"replies":[{"embeddable":true,"href":"https:\/\/elinformante.mx\/index.php?rest_route=%2Fwp%2Fv2%2Fcomments&post=112114"}],"version-history":[{"count":112121,"href":"https:\/\/elinformante.mx\/index.php?rest_route=\/wp\/v2\/posts\/112114\/revisions"}],"predecessor-version":[{"id":112121,"href":"https:\/\/elinformante.mx\/index.php?rest_route=\/wp\/v2\/posts\/112114\/revisions\/112121"}],"wp:featuredmedia":[{"embeddable":true,"href":"https:\/\/elinformante.mx\/index.php?rest_route=\/wp\/v2\/media\/112119"}],"wp:attachment":[{"href":"https:\/\/elinformante.mx\/index.php?rest_route=%2Fwp%2Fv2%2Fmedia&parent=112114"}],"wp:term":[{"taxonomy":"category","embeddable":true,"href":"https:\/\/elinformante.mx\/index.php?rest_route=%2Fwp%2Fv2%2Fcategories&post=112114"},{"taxonomy":"post_tag","embeddable":true,"href":"https:\/\/elinformante.mx\/index.php?rest_route=%2Fwp%2Fv2%2Ftags&post=112114"}],"curies":[{"name":"wp","href":"https:\/\/api.w.org\/{rel}","templated":true}]}}