{"id":112118,"date":"2026-08-31T05:39:52","date_gmt":"2026-08-31T11:39:52","guid":{"rendered":"https:\/\/elinformante.mx\/?p=112118"},"modified":"2026-08-31T05:39:58","modified_gmt":"2026-08-31T11:39:58","slug":"ana-muniz-impulsa-jornada-gratuita-de-cirugias-de-cataratas-en-san-mateo-atenco","status":"publish","type":"post","link":"https:\/\/elinformante.mx\/?p=112118","title":{"rendered":"Ana Mu\u00f1iz impulsa jornada gratuita de cirug\u00edas de cataratas en San Mateo Atenco"},"content":{"rendered":"\n<figure class=\"wp-block-pullquote\"><blockquote><p>M\u00e1s de 400 pacientes reciben valoraci\u00f3n oftalmol\u00f3gica especializada como primera etapa para acceder a una intervenci\u00f3n quir\u00fargica sin costo y recuperar su salud visual.<\/p><\/blockquote><\/figure>\n\n\n\n<p class=\"has-drop-cap wp-block-paragraph\">Con el objetivo de acercar servicios m\u00e9dicos especializados y contribuir a mejorar la calidad de vida de la poblaci\u00f3n, el Gobierno Municipal y el Sistema Municipal DIF de San Mateo Atenco pusieron en marcha la Gran Jornada Gratuita de Cirug\u00edas de Cataratas, en beneficio de m\u00e1s de 400 pacientes.<br><\/p>\n\n\n\n<p class=\"wp-block-paragraph\">La jornada fue encabezada por la presidenta municipal Ana Mu\u00f1iz Neyra y el presidente honorario del Sistema Municipal DIF, \u00d3scar Felipe Mu\u00f1iz M\u00e1ynez, quienes destacaron la importancia de facilitar el acceso a servicios de salud visual para personas que enfrentan problemas de cataratas.<br><\/p>\n\n\n\n<p class=\"wp-block-paragraph\">Como primera etapa del proceso, las y los pacientes reciben valoraci\u00f3n de agudeza visual, optometr\u00eda, consulta oftalmol\u00f3gica y estudio de catarata, mediante los cuales especialistas determinar\u00e1n qui\u00e9nes podr\u00e1n continuar con el procedimiento para recibir una cirug\u00eda gratuita.<br><\/p>\n\n\n\n<figure class=\"wp-block-image size-large\"><img fetchpriority=\"high\" decoding=\"async\" width=\"1024\" height=\"506\" src=\"https:\/\/elinformante.mx\/wp-content\/uploads\/2026\/08\/11mateo-2-6-1024x506.jpg\" alt=\"\" class=\"wp-image-112124\" srcset=\"https:\/\/elinformante.mx\/wp-content\/uploads\/2026\/08\/11mateo-2-6-1024x506.jpg 1024w, https:\/\/elinformante.mx\/wp-content\/uploads\/2026\/08\/11mateo-2-6-767x379.jpg 767w, https:\/\/elinformante.mx\/wp-content\/uploads\/2026\/08\/11mateo-2-6-300x148.jpg 300w, https:\/\/elinformante.mx\/wp-content\/uploads\/2026\/08\/11mateo-2-6.jpg 1140w\" sizes=\"(max-width: 1024px) 100vw, 1024px\" \/><\/figure>\n\n\n\n<p class=\"wp-block-paragraph\">Ana Mu\u00f1iz Neyra se\u00f1al\u00f3 que acercar atenci\u00f3n m\u00e9dica especializada con sentido humano puede transformar la vida de las personas y sus familias. \u201cQueremos luz para sus ojos y alegr\u00eda para su vida\u201d, expres\u00f3 al destacar que para su administraci\u00f3n ver mejor tambi\u00e9n significa vivir mejor.<br><\/p>\n\n\n\n<p class=\"wp-block-paragraph\">La presidenta municipal agradeci\u00f3 la colaboraci\u00f3n de la senadora Cristina Ruiz Sandoval, del Sistema Municipal DIF de Coacalco y de las instituciones y fundaciones participantes, entre ellas Fundaci\u00f3n Delia Iniestra, Fundaci\u00f3n Telmex-Telcel, Fundaci\u00f3n Elena Barraquer, Faco Extrema, el Encuentro Interinstitucional de Casos Cl\u00ednicos en Oftalmolog\u00eda (EICCO) y la Academia Mexicana de Cirug\u00eda A.C.<br><\/p>\n\n\n\n<p class=\"wp-block-paragraph\">El Gobierno Municipal inform\u00f3 que pr\u00f3ximamente se realizar\u00e1 una nueva jornada enfocada en la atenci\u00f3n de carnosidades oculares, por lo que se emitir\u00e1 una convocatoria para las personas interesadas.<\/p>\n","protected":false},"excerpt":{"rendered":"<p>M\u00e1s de 400 pacientes reciben valoraci\u00f3n oftalmol\u00f3gica especializada como primera etapa para acceder a una intervenci\u00f3n quir\u00fargica sin costo y recuperar su salud visual. Con el objetivo de acercar servicios m\u00e9dicos especializados y contribuir a mejorar la calidad de vida de la poblaci\u00f3n, el Gobierno Municipal y el Sistema Municipal DIF de San Mateo Atenco [&hellip;]<\/p>\n","protected":false},"author":1,"featured_media":112123,"comment_status":"closed","ping_status":"closed","sticky":false,"template":"","format":"standard","meta":{"footnotes":""},"categories":[36],"tags":[],"class_list":["post-112118","post","type-post","status-publish","format-standard","has-post-thumbnail","hentry","category-edomex"],"_links":{"self":[{"href":"https:\/\/elinformante.mx\/index.php?rest_route=\/wp\/v2\/posts\/112118","targetHints":{"allow":["GET"]}}],"collection":[{"href":"https:\/\/elinformante.mx\/index.php?rest_route=\/wp\/v2\/posts"}],"about":[{"href":"https:\/\/elinformante.mx\/index.php?rest_route=\/wp\/v2\/types\/post"}],"author":[{"embeddable":true,"href":"https:\/\/elinformante.mx\/index.php?rest_route=\/wp\/v2\/users\/1"}],"replies":[{"embeddable":true,"href":"https:\/\/elinformante.mx\/index.php?rest_route=%2Fwp%2Fv2%2Fcomments&post=112118"}],"version-history":[{"count":112125,"href":"https:\/\/elinformante.mx\/index.php?rest_route=\/wp\/v2\/posts\/112118\/revisions"}],"predecessor-version":[{"id":112125,"href":"https:\/\/elinformante.mx\/index.php?rest_route=\/wp\/v2\/posts\/112118\/revisions\/112125"}],"wp:featuredmedia":[{"embeddable":true,"href":"https:\/\/elinformante.mx\/index.php?rest_route=\/wp\/v2\/media\/112123"}],"wp:attachment":[{"href":"https:\/\/elinformante.mx\/index.php?rest_route=%2Fwp%2Fv2%2Fmedia&parent=112118"}],"wp:term":[{"taxonomy":"category","embeddable":true,"href":"https:\/\/elinformante.mx\/index.php?rest_route=%2Fwp%2Fv2%2Fcategories&post=112118"},{"taxonomy":"post_tag","embeddable":true,"href":"https:\/\/elinformante.mx\/index.php?rest_route=%2Fwp%2Fv2%2Ftags&post=112118"}],"curies":[{"name":"wp","href":"https:\/\/api.w.org\/{rel}","templated":true}]}}