{"id":112141,"date":"2026-08-31T06:02:12","date_gmt":"2026-08-31T12:02:12","guid":{"rendered":"https:\/\/elinformante.mx\/?p=112141"},"modified":"2026-08-31T06:02:15","modified_gmt":"2026-08-31T12:02:15","slug":"mas-ninas-y-ninos-tendran-comida-caliente-dif-cdmx","status":"publish","type":"post","link":"https:\/\/elinformante.mx\/?p=112141","title":{"rendered":"M\u00e1s ni\u00f1as y ni\u00f1os tendr\u00e1n comida caliente: DIF CDMX"},"content":{"rendered":"\n<figure class=\"wp-block-pullquote\"><blockquote><p>Con la incorporaci\u00f3n de cinco planteles, el programa piloto busca mejorar la alimentaci\u00f3n infantil mediante desayunos y comidas nutritivas.<\/p><\/blockquote><\/figure>\n\n\n\n<p class=\"has-drop-cap wp-block-paragraph\">El Sistema para el Desarrollo Integral de la Familia (DIF) de la Ciudad de M\u00e9xico incorpor\u00f3 cinco escuelas p\u00fablicas de educaci\u00f3n b\u00e1sica al plan piloto \u201cEn la Escuela, Saz\u00f3n para el Bienestar\u201d, con el prop\u00f3sito de ampliar el acceso de ni\u00f1as y ni\u00f1os a desayunos y comidas calientes, nutritivas y preparados con productos de temporada.<br><\/p>\n\n\n\n<p class=\"wp-block-paragraph\">Los nuevos planteles son los preescolares \u201cXochiquetzal\u201d, \u201cH\u00e9roes de 1810\u201d, \u201cSalvador M. Lima\u201d y \u201cNinomaxtia\u201d, as\u00ed como la primaria \u201cNi\u00f1os H\u00e9roes\u201d. Con esta incorporaci\u00f3n, el programa suma 289 planteles, incluidos Centros de Atenci\u00f3n M\u00faltiple que atienden a poblaci\u00f3n con discapacidad.<br><\/p>\n\n\n\n<p class=\"wp-block-paragraph\">El programa, encabezado por Beatriz Rojas Mart\u00ednez, busca contribuir a la prevenci\u00f3n de la malnutrici\u00f3n, anemia y obesidad infantil, mediante raciones dise\u00f1adas para cubrir aproximadamente 25 por ciento de los nutrientes diarios recomendados.<br><\/p>\n\n\n\n<figure class=\"wp-block-image size-large\"><img fetchpriority=\"high\" decoding=\"async\" width=\"1024\" height=\"506\" src=\"https:\/\/elinformante.mx\/wp-content\/uploads\/2026\/08\/6desayunos-1024x506.jpg\" alt=\"\" class=\"wp-image-112148\" srcset=\"https:\/\/elinformante.mx\/wp-content\/uploads\/2026\/08\/6desayunos-1024x506.jpg 1024w, https:\/\/elinformante.mx\/wp-content\/uploads\/2026\/08\/6desayunos-300x148.jpg 300w, https:\/\/elinformante.mx\/wp-content\/uploads\/2026\/08\/6desayunos-767x379.jpg 767w, https:\/\/elinformante.mx\/wp-content\/uploads\/2026\/08\/6desayunos.jpg 1140w\" sizes=\"(max-width: 1024px) 100vw, 1024px\" \/><\/figure>\n\n\n\n<p class=\"wp-block-paragraph\">Los alimentos son elaborados a partir de 20 men\u00fas dise\u00f1ados por especialistas en nutrici\u00f3n, de acuerdo con la edad de las y los estudiantes. Las opciones se rotan durante las semanas e incluyen leche descremada, agua natural, un plato fuerte \u2014como pollo o carne de res con verduras\u2014 y fruta de temporada.<br><\/p>\n\n\n\n<p class=\"wp-block-paragraph\">Uno de los principales componentes del programa es la participaci\u00f3n de las familias. Cada comunidad escolar integra un comit\u00e9 de madres, padres o tutores encargado de colaborar en la organizaci\u00f3n y preparaci\u00f3n de los alimentos, conforme al n\u00famero de estudiantes beneficiarios.<br><\/p>\n\n\n\n<p class=\"wp-block-paragraph\">Para incorporarse al plan piloto, los planteles deben contar con un espacio adecuado para preparar los alimentos, con iluminaci\u00f3n, ventilaci\u00f3n, agua, drenaje y electricidad, adem\u00e1s de una cocina equipada. En caso de que requieran utensilios, el programa contempla facilitar el equipo necesario.<br><\/p>\n\n\n\n<p class=\"wp-block-paragraph\">Para 2026, el DIF capitalino tiene como meta ampliar \u201cEn la Escuela, Saz\u00f3n para el Bienestar\u201d hasta 429 planteles y m\u00e1s de 62 mil estudiantes de preescolar, primaria y educaci\u00f3n especial, con cobertura en las 16 alcald\u00edas, particularmente en zonas con mayores necesidades de apoyo social.<\/p>\n","protected":false},"excerpt":{"rendered":"<p>Con la incorporaci\u00f3n de cinco planteles, el programa piloto busca mejorar la alimentaci\u00f3n infantil mediante desayunos y comidas nutritivas. El Sistema para el Desarrollo Integral de la Familia (DIF) de la Ciudad de M\u00e9xico incorpor\u00f3 cinco escuelas p\u00fablicas de educaci\u00f3n b\u00e1sica al plan piloto \u201cEn la Escuela, Saz\u00f3n para el Bienestar\u201d, con el prop\u00f3sito de [&hellip;]<\/p>\n","protected":false},"author":1,"featured_media":112147,"comment_status":"closed","ping_status":"closed","sticky":false,"template":"","format":"standard","meta":{"footnotes":""},"categories":[35],"tags":[],"class_list":["post-112141","post","type-post","status-publish","format-standard","has-post-thumbnail","hentry","category-cdmx"],"_links":{"self":[{"href":"https:\/\/elinformante.mx\/index.php?rest_route=\/wp\/v2\/posts\/112141","targetHints":{"allow":["GET"]}}],"collection":[{"href":"https:\/\/elinformante.mx\/index.php?rest_route=\/wp\/v2\/posts"}],"about":[{"href":"https:\/\/elinformante.mx\/index.php?rest_route=\/wp\/v2\/types\/post"}],"author":[{"embeddable":true,"href":"https:\/\/elinformante.mx\/index.php?rest_route=\/wp\/v2\/users\/1"}],"replies":[{"embeddable":true,"href":"https:\/\/elinformante.mx\/index.php?rest_route=%2Fwp%2Fv2%2Fcomments&post=112141"}],"version-history":[{"count":112149,"href":"https:\/\/elinformante.mx\/index.php?rest_route=\/wp\/v2\/posts\/112141\/revisions"}],"predecessor-version":[{"id":112149,"href":"https:\/\/elinformante.mx\/index.php?rest_route=\/wp\/v2\/posts\/112141\/revisions\/112149"}],"wp:featuredmedia":[{"embeddable":true,"href":"https:\/\/elinformante.mx\/index.php?rest_route=\/wp\/v2\/media\/112147"}],"wp:attachment":[{"href":"https:\/\/elinformante.mx\/index.php?rest_route=%2Fwp%2Fv2%2Fmedia&parent=112141"}],"wp:term":[{"taxonomy":"category","embeddable":true,"href":"https:\/\/elinformante.mx\/index.php?rest_route=%2Fwp%2Fv2%2Fcategories&post=112141"},{"taxonomy":"post_tag","embeddable":true,"href":"https:\/\/elinformante.mx\/index.php?rest_route=%2Fwp%2Fv2%2Ftags&post=112141"}],"curies":[{"name":"wp","href":"https:\/\/api.w.org\/{rel}","templated":true}]}}