{"id":112146,"date":"2026-08-31T06:03:36","date_gmt":"2026-08-31T12:03:36","guid":{"rendered":"https:\/\/elinformante.mx\/?p=112146"},"modified":"2026-08-31T06:03:53","modified_gmt":"2026-08-31T12:03:53","slug":"adultos-mayores-toman-el-parque-lazaro-cardenas-rojo-de-la-vega-refrenda-apoyo-a-la-comunidad","status":"publish","type":"post","link":"https:\/\/elinformante.mx\/?p=112146","title":{"rendered":"Adultos mayores toman el Parque L\u00e1zaro C\u00e1rdenas; Rojo de la Vega refrenda apoyo a la comunidad"},"content":{"rendered":"\n<figure class=\"wp-block-pullquote\"><blockquote><p>M\u00e1s de 400 personas participaron en una celebraci\u00f3n organizada por la Alcald\u00eda Cuauht\u00e9moc.<\/p><\/blockquote><\/figure>\n\n\n\n<p class=\"has-drop-cap wp-block-paragraph\">M\u00e1s de 400 adultos mayores se reunieron en el Parque L\u00e1zaro C\u00e1rdenas, en la colonia Doctores, para participar en una celebraci\u00f3n organizada con motivo del D\u00eda del Adulto y Adulta Mayor, en un encuentro encabezado por la alcaldesa de Cuauht\u00e9moc, Alessandra Rojo de la Vega.<br><\/p>\n\n\n\n<p class=\"wp-block-paragraph\">Acompa\u00f1ada por integrantes de la Direcci\u00f3n General de Desarrollo Social, la alcaldesa reconoci\u00f3 la contribuci\u00f3n de las personas adultas mayores a la comunidad y destac\u00f3 la importancia de generar espacios de convivencia, recreaci\u00f3n y atenci\u00f3n para este sector de la poblaci\u00f3n.<br><\/p>\n\n\n\n<p class=\"wp-block-paragraph\">Durante la jornada se ofreci\u00f3 una celebraci\u00f3n con pastel y m\u00fasica a cargo de Felipe Urban y su Danzonera, adem\u00e1s de diversas actividades para las y los asistentes.<br><\/p>\n\n\n\n<figure class=\"wp-block-image size-large\"><img fetchpriority=\"high\" decoding=\"async\" width=\"1024\" height=\"506\" src=\"https:\/\/elinformante.mx\/wp-content\/uploads\/2026\/08\/6cuauhtemoc-2-4-1024x506.jpeg\" alt=\"\" class=\"wp-image-112152\" srcset=\"https:\/\/elinformante.mx\/wp-content\/uploads\/2026\/08\/6cuauhtemoc-2-4-1024x506.jpeg 1024w, https:\/\/elinformante.mx\/wp-content\/uploads\/2026\/08\/6cuauhtemoc-2-4-300x148.jpeg 300w, https:\/\/elinformante.mx\/wp-content\/uploads\/2026\/08\/6cuauhtemoc-2-4-767x379.jpeg 767w, https:\/\/elinformante.mx\/wp-content\/uploads\/2026\/08\/6cuauhtemoc-2-4.jpeg 1140w\" sizes=\"(max-width: 1024px) 100vw, 1024px\" \/><\/figure>\n\n\n\n<p class=\"wp-block-paragraph\">En su mensaje, Rojo de la Vega se\u00f1al\u00f3 que el gobierno de la demarcaci\u00f3n tiene la responsabilidad de acompa\u00f1ar a las personas adultas mayores y brindarles condiciones que contribuyan a su bienestar.<br><\/p>\n\n\n\n<p class=\"wp-block-paragraph\">Como parte de estas acciones, destac\u00f3 el trabajo que se realiza a trav\u00e9s del Centro de Atenci\u00f3n y Desarrollo del Adulto Mayor (CADAM), donde actualmente se ofrecen casi 100 actividades semanales, dirigidas a quienes acuden diariamente al centro.<br><\/p>\n\n\n\n<p class=\"wp-block-paragraph\">La Alcald\u00eda Cuauht\u00e9moc refrend\u00f3 as\u00ed su compromiso de mantener programas y espacios que promuevan la convivencia, participaci\u00f3n y bienestar de las personas adultas mayores, reconociendo su experiencia y aportaci\u00f3n a la vida comunitaria de la demarcaci\u00f3n.<\/p>\n","protected":false},"excerpt":{"rendered":"<p>M\u00e1s de 400 personas participaron en una celebraci\u00f3n organizada por la Alcald\u00eda Cuauht\u00e9moc. M\u00e1s de 400 adultos mayores se reunieron en el Parque L\u00e1zaro C\u00e1rdenas, en la colonia Doctores, para participar en una celebraci\u00f3n organizada con motivo del D\u00eda del Adulto y Adulta Mayor, en un encuentro encabezado por la alcaldesa de Cuauht\u00e9moc, Alessandra Rojo [&hellip;]<\/p>\n","protected":false},"author":1,"featured_media":112151,"comment_status":"closed","ping_status":"closed","sticky":false,"template":"","format":"standard","meta":{"footnotes":""},"categories":[35,30],"tags":[],"class_list":["post-112146","post","type-post","status-publish","format-standard","has-post-thumbnail","hentry","category-cdmx","category-destacado"],"_links":{"self":[{"href":"https:\/\/elinformante.mx\/index.php?rest_route=\/wp\/v2\/posts\/112146","targetHints":{"allow":["GET"]}}],"collection":[{"href":"https:\/\/elinformante.mx\/index.php?rest_route=\/wp\/v2\/posts"}],"about":[{"href":"https:\/\/elinformante.mx\/index.php?rest_route=\/wp\/v2\/types\/post"}],"author":[{"embeddable":true,"href":"https:\/\/elinformante.mx\/index.php?rest_route=\/wp\/v2\/users\/1"}],"replies":[{"embeddable":true,"href":"https:\/\/elinformante.mx\/index.php?rest_route=%2Fwp%2Fv2%2Fcomments&post=112146"}],"version-history":[{"count":112153,"href":"https:\/\/elinformante.mx\/index.php?rest_route=\/wp\/v2\/posts\/112146\/revisions"}],"predecessor-version":[{"id":112153,"href":"https:\/\/elinformante.mx\/index.php?rest_route=\/wp\/v2\/posts\/112146\/revisions\/112153"}],"wp:featuredmedia":[{"embeddable":true,"href":"https:\/\/elinformante.mx\/index.php?rest_route=\/wp\/v2\/media\/112151"}],"wp:attachment":[{"href":"https:\/\/elinformante.mx\/index.php?rest_route=%2Fwp%2Fv2%2Fmedia&parent=112146"}],"wp:term":[{"taxonomy":"category","embeddable":true,"href":"https:\/\/elinformante.mx\/index.php?rest_route=%2Fwp%2Fv2%2Fcategories&post=112146"},{"taxonomy":"post_tag","embeddable":true,"href":"https:\/\/elinformante.mx\/index.php?rest_route=%2Fwp%2Fv2%2Ftags&post=112146"}],"curies":[{"name":"wp","href":"https:\/\/api.w.org\/{rel}","templated":true}]}}