{"id":112150,"date":"2026-08-31T06:05:39","date_gmt":"2026-08-31T12:05:39","guid":{"rendered":"https:\/\/elinformante.mx\/?p=112150"},"modified":"2026-08-31T06:05:42","modified_gmt":"2026-08-31T12:05:42","slug":"30-mil-atletas-hacen-historia-en-el-maraton-internacional-de-la-cdmx","status":"publish","type":"post","link":"https:\/\/elinformante.mx\/?p=112150","title":{"rendered":"30 mil atletas hacen historia en el Marat\u00f3n Internacional de la CDMX"},"content":{"rendered":"\n<figure class=\"wp-block-pullquote\"><blockquote><p>La XLIII edici\u00f3n reuni\u00f3 a corredores nacionales e internacionales que recorrieron la capital de Ciudad Universitaria al Z\u00f3calo.<\/p><\/blockquote><\/figure>\n\n\n\n<p class=\"has-drop-cap wp-block-paragraph\">Las principales avenidas de la capital se convirtieron este domingo en una gran pista deportiva durante la XLIII edici\u00f3n del Marat\u00f3n Internacional de la Ciudad de M\u00e9xico Telcel 2026, que reuni\u00f3 a 30 mil corredoras y corredores para completar los 42 kil\u00f3metros con 195 metros entre Ciudad Universitaria y el Z\u00f3calo capitalino.<br><\/p>\n\n\n\n<p class=\"wp-block-paragraph\">El arranque se realiz\u00f3 a las 05:45 horas frente al Estadio Ol\u00edmpico Universitario. La ruta atraves\u00f3 puntos emblem\u00e1ticos como Avenida de los Insurgentes, Roma, Condesa, Bosque de Chapultepec, Polanco, Paseo de la Reforma y Avenida Ju\u00e1rez, antes de dirigirse hacia el Centro Hist\u00f3rico.<br><\/p>\n\n\n\n<p class=\"wp-block-paragraph\">En la rama varonil, el triunfo fue para el peruano Cristhian Simeon Pacheco Mendoza, quien cruz\u00f3 la meta con un tiempo de 2:10:03. El segundo lugar fue para el et\u00edope Anbesa Lencho Tesfaye, con 2:11:25, mientras que su compatriota Balew Yihunie Derseh obtuvo el tercer puesto con 2:11:58.<br><\/p>\n\n\n\n<p class=\"wp-block-paragraph\">En la rama femenil, la et\u00edope Alemtsehay Asefa Kasegn se llev\u00f3 el primer lugar con 2:29:30, seguida por Kidsan Alema Gebremedhin, con 2:32:23, y Kolole Mekashu Tefera, con 2:34:04.<br><\/p>\n\n\n\n<p class=\"wp-block-paragraph\">El r\u00e9cord de la rama varonil contin\u00faa en manos del boliviano H\u00e9ctor Garibay Flores, quien estableci\u00f3 en 2023 una marca de 2:08:23.<br><\/p>\n\n\n\n<p class=\"wp-block-paragraph\">La competencia tambi\u00e9n destac\u00f3 por su car\u00e1cter incluyente con las categor\u00edas adaptadas. En silla de ruedas varonil, el ganador fue Gonzalo Valdovinos Gonz\u00e1lez, con 1:39:15; mientras que en la rama femenil se impuso Brenda Osnaya \u00c1lvarez, con 2:00:20.<br><\/p>\n\n\n\n<p class=\"wp-block-paragraph\">En la categor\u00eda de d\u00e9biles visuales, los primeros lugares fueron para Miguel de Jes\u00fas Hern\u00e1ndez Paniagua, en la rama varonil, y Mar\u00eda de los \u00c1ngeles Herrera Camacho, en la femenil.<br><\/p>\n\n\n\n<p class=\"wp-block-paragraph\">Como parte de las novedades de esta edici\u00f3n, los corredores ingresaron por Venustiano Carranza y 20 de Noviembre para afrontar los \u00faltimos metros hasta la meta, ubicada frente a la monumental Bandera Nacional en la Plaza de la Constituci\u00f3n.<br><\/p>\n\n\n\n<p class=\"wp-block-paragraph\">La jornada tambi\u00e9n cont\u00f3 con la participaci\u00f3n de 18 ni\u00f1as y ni\u00f1os ganadores del Marat\u00f3n de las Infancias 2026, quienes tuvieron la oportunidad de presenciar el arranque y desarrollo de la competencia.<br><\/p>\n\n\n\n<p class=\"wp-block-paragraph\">La realizaci\u00f3n del marat\u00f3n fue posible mediante un operativo coordinado de seguridad, movilidad, servicios y atenci\u00f3n m\u00e9dica, con la participaci\u00f3n de dependencias capitalinas, cuerpos de emergencia y organismos deportivos.<\/p>\n","protected":false},"excerpt":{"rendered":"<p>La XLIII edici\u00f3n reuni\u00f3 a corredores nacionales e internacionales que recorrieron la capital de Ciudad Universitaria al Z\u00f3calo. Las principales avenidas de la capital se convirtieron este domingo en una gran pista deportiva durante la XLIII edici\u00f3n del Marat\u00f3n Internacional de la Ciudad de M\u00e9xico Telcel 2026, que reuni\u00f3 a 30 mil corredoras y corredores [&hellip;]<\/p>\n","protected":false},"author":1,"featured_media":112155,"comment_status":"closed","ping_status":"closed","sticky":false,"template":"","format":"standard","meta":{"footnotes":""},"categories":[35],"tags":[],"class_list":["post-112150","post","type-post","status-publish","format-standard","has-post-thumbnail","hentry","category-cdmx"],"_links":{"self":[{"href":"https:\/\/elinformante.mx\/index.php?rest_route=\/wp\/v2\/posts\/112150","targetHints":{"allow":["GET"]}}],"collection":[{"href":"https:\/\/elinformante.mx\/index.php?rest_route=\/wp\/v2\/posts"}],"about":[{"href":"https:\/\/elinformante.mx\/index.php?rest_route=\/wp\/v2\/types\/post"}],"author":[{"embeddable":true,"href":"https:\/\/elinformante.mx\/index.php?rest_route=\/wp\/v2\/users\/1"}],"replies":[{"embeddable":true,"href":"https:\/\/elinformante.mx\/index.php?rest_route=%2Fwp%2Fv2%2Fcomments&post=112150"}],"version-history":[{"count":112156,"href":"https:\/\/elinformante.mx\/index.php?rest_route=\/wp\/v2\/posts\/112150\/revisions"}],"predecessor-version":[{"id":112156,"href":"https:\/\/elinformante.mx\/index.php?rest_route=\/wp\/v2\/posts\/112150\/revisions\/112156"}],"wp:featuredmedia":[{"embeddable":true,"href":"https:\/\/elinformante.mx\/index.php?rest_route=\/wp\/v2\/media\/112155"}],"wp:attachment":[{"href":"https:\/\/elinformante.mx\/index.php?rest_route=%2Fwp%2Fv2%2Fmedia&parent=112150"}],"wp:term":[{"taxonomy":"category","embeddable":true,"href":"https:\/\/elinformante.mx\/index.php?rest_route=%2Fwp%2Fv2%2Fcategories&post=112150"},{"taxonomy":"post_tag","embeddable":true,"href":"https:\/\/elinformante.mx\/index.php?rest_route=%2Fwp%2Fv2%2Ftags&post=112150"}],"curies":[{"name":"wp","href":"https:\/\/api.w.org\/{rel}","templated":true}]}}