{"id":112161,"date":"2026-08-31T06:14:09","date_gmt":"2026-08-31T12:14:09","guid":{"rendered":"https:\/\/elinformante.mx\/?p=112161"},"modified":"2026-08-31T06:14:24","modified_gmt":"2026-08-31T12:14:24","slug":"puente-nichupte-se-llena-de-familias","status":"publish","type":"post","link":"https:\/\/elinformante.mx\/?p=112161","title":{"rendered":"Puente Nichupt\u00e9 se llena de familias"},"content":{"rendered":"\n<figure class=\"wp-block-pullquote\"><blockquote><p>La segunda edici\u00f3n de \u201cPuenteando\u201d reuni\u00f3 a miles de personas en una jornada de deporte, cultura y movilidad activa.<\/p><\/blockquote><\/figure>\n\n\n\n<p class=\"has-drop-cap wp-block-paragraph\">El Puente Nichupt\u00e9 volvi\u00f3 a convertirse en un punto de encuentro para las familias con la segunda edici\u00f3n de \u201cPuenteando Nichupt\u00e9\u201d, actividad encabezada por la gobernadora Mara Lezama Espinosa, quien recorri\u00f3 en bicicleta parte del viaducto y convivi\u00f3 con familias, deportistas, emprendedores y visitantes.<br><\/p>\n\n\n\n<p class=\"wp-block-paragraph\">Durante cuatro horas, de 17:00 a 21:00 horas, ni\u00f1as, ni\u00f1os, j\u00f3venes, personas mayores y personas con discapacidad disfrutaron de aproximadamente 8 kil\u00f3metros de recorrido sobre la Laguna Nichupt\u00e9, caminando, corriendo, pedaleando y patinando, adem\u00e1s de participar en actividades culturales, musicales, deportivas, recreativas y gastron\u00f3micas.<br><\/p>\n\n\n\n<p class=\"wp-block-paragraph\">La gobernadora visit\u00f3 los diferentes espacios instalados a lo largo de la v\u00eda recreativa y destac\u00f3 con su participaci\u00f3n la importancia de promover una movilidad activa, recuperar los espacios p\u00fablicos para la ciudadan\u00eda y fortalecer la convivencia familiar como parte de las acciones para construir comunidades m\u00e1s saludables y seguras.<br><\/p>\n\n\n\n<figure class=\"wp-block-image size-large\"><img fetchpriority=\"high\" decoding=\"async\" width=\"1024\" height=\"506\" src=\"https:\/\/elinformante.mx\/wp-content\/uploads\/2026\/08\/4mara-9-1024x506.jpeg\" alt=\"\" class=\"wp-image-112166\" srcset=\"https:\/\/elinformante.mx\/wp-content\/uploads\/2026\/08\/4mara-9-1024x506.jpeg 1024w, https:\/\/elinformante.mx\/wp-content\/uploads\/2026\/08\/4mara-9-300x148.jpeg 300w, https:\/\/elinformante.mx\/wp-content\/uploads\/2026\/08\/4mara-9-767x379.jpeg 767w, https:\/\/elinformante.mx\/wp-content\/uploads\/2026\/08\/4mara-9.jpeg 1140w\" sizes=\"(max-width: 1024px) 100vw, 1024px\" \/><\/figure>\n\n\n\n<p class=\"wp-block-paragraph\">Esta segunda edici\u00f3n dio continuidad a la respuesta ciudadana de la primera jornada, realizada en julio, cuando alrededor de 6 mil personas participaron en \u201cPuenteando\u201d. La actividad se plantea como un encuentro permanente que se desarrolla el \u00faltimo domingo de cada mes.<br><\/p>\n\n\n\n<p class=\"wp-block-paragraph\">El evento cont\u00f3 con cuatro pabellones: L\u00fadico, emprendedor, deportivo y gastron\u00f3mico, adem\u00e1s de la participaci\u00f3n coordinada de 20 secretar\u00edas y dependencias estatales y municipales.<br><\/p>\n\n\n\n<p class=\"wp-block-paragraph\">Para garantizar una jornada segura, se instalaron estaciones de hidrataci\u00f3n, m\u00f3dulos de Protecci\u00f3n Civil, sanitarios, ambulancias y atenci\u00f3n de param\u00e9dicos, as\u00ed como presencia de la Secretar\u00eda de Seguridad Ciudadana. Tambi\u00e9n se habilit\u00f3 un Punto Estrat\u00e9gico de Seguridad para brindar atenci\u00f3n a ni\u00f1as y ni\u00f1os que lo requirieran.<\/p>\n","protected":false},"excerpt":{"rendered":"<p>La segunda edici\u00f3n de \u201cPuenteando\u201d reuni\u00f3 a miles de personas en una jornada de deporte, cultura y movilidad activa. El Puente Nichupt\u00e9 volvi\u00f3 a convertirse en un punto de encuentro para las familias con la segunda edici\u00f3n de \u201cPuenteando Nichupt\u00e9\u201d, actividad encabezada por la gobernadora Mara Lezama Espinosa, quien recorri\u00f3 en bicicleta parte del viaducto [&hellip;]<\/p>\n","protected":false},"author":1,"featured_media":112165,"comment_status":"closed","ping_status":"closed","sticky":false,"template":"","format":"standard","meta":{"footnotes":""},"categories":[30,34],"tags":[],"class_list":["post-112161","post","type-post","status-publish","format-standard","has-post-thumbnail","hentry","category-destacado","category-nacional"],"_links":{"self":[{"href":"https:\/\/elinformante.mx\/index.php?rest_route=\/wp\/v2\/posts\/112161","targetHints":{"allow":["GET"]}}],"collection":[{"href":"https:\/\/elinformante.mx\/index.php?rest_route=\/wp\/v2\/posts"}],"about":[{"href":"https:\/\/elinformante.mx\/index.php?rest_route=\/wp\/v2\/types\/post"}],"author":[{"embeddable":true,"href":"https:\/\/elinformante.mx\/index.php?rest_route=\/wp\/v2\/users\/1"}],"replies":[{"embeddable":true,"href":"https:\/\/elinformante.mx\/index.php?rest_route=%2Fwp%2Fv2%2Fcomments&post=112161"}],"version-history":[{"count":112167,"href":"https:\/\/elinformante.mx\/index.php?rest_route=\/wp\/v2\/posts\/112161\/revisions"}],"predecessor-version":[{"id":112167,"href":"https:\/\/elinformante.mx\/index.php?rest_route=\/wp\/v2\/posts\/112161\/revisions\/112167"}],"wp:featuredmedia":[{"embeddable":true,"href":"https:\/\/elinformante.mx\/index.php?rest_route=\/wp\/v2\/media\/112165"}],"wp:attachment":[{"href":"https:\/\/elinformante.mx\/index.php?rest_route=%2Fwp%2Fv2%2Fmedia&parent=112161"}],"wp:term":[{"taxonomy":"category","embeddable":true,"href":"https:\/\/elinformante.mx\/index.php?rest_route=%2Fwp%2Fv2%2Fcategories&post=112161"},{"taxonomy":"post_tag","embeddable":true,"href":"https:\/\/elinformante.mx\/index.php?rest_route=%2Fwp%2Fv2%2Ftags&post=112161"}],"curies":[{"name":"wp","href":"https:\/\/api.w.org\/{rel}","templated":true}]}}