{"id":112164,"date":"2026-08-31T06:15:24","date_gmt":"2026-08-31T12:15:24","guid":{"rendered":"https:\/\/elinformante.mx\/?p=112164"},"modified":"2026-08-31T06:15:29","modified_gmt":"2026-08-31T12:15:29","slug":"paquete-economico-2027-apuesta-por-estabilidad-de-precios-crecimiento-e-inversion-publica-shcp","status":"publish","type":"post","link":"https:\/\/elinformante.mx\/?p=112164","title":{"rendered":"Paquete Econ\u00f3mico 2027 apuesta por estabilidad de precios, crecimiento e inversi\u00f3n p\u00fablica: SHCP"},"content":{"rendered":"\n<figure class=\"wp-block-pullquote\"><blockquote><p>Hacienda anticipa finanzas p\u00fablicas s\u00f3lidas y una estrategia de inversi\u00f3n para fortalecer los ingresos de las familias mexicanas.<\/p><\/blockquote><\/figure>\n\n\n\n<p class=\"has-drop-cap wp-block-paragraph\">De cara a la entrega del Paquete Econ\u00f3mico 2027, el secretario de Hacienda y Cr\u00e9dito P\u00fablico, \u00c9dgar Amador Zamora, se\u00f1al\u00f3 que el gobierno de la presidenta Claudia Sheinbaum Pardo priorizar\u00e1 la estabilidad de precios, el crecimiento econ\u00f3mico compartido y el fortalecimiento de la inversi\u00f3n p\u00fablica.<br><\/p>\n\n\n\n<p class=\"wp-block-paragraph\">Durante su participaci\u00f3n en la reuni\u00f3n plenaria de las y los diputados federales de Morena, el titular de Hacienda destac\u00f3 que la econom\u00eda mexicana mantiene condiciones de solidez, al tiempo que se ha registrado una mejor\u00eda en los ingresos de las familias en un entorno de estabilidad de precios.<br><\/p>\n\n\n\n<p class=\"wp-block-paragraph\">Amador Zamora resalt\u00f3 el comportamiento de la inflaci\u00f3n, cuya variaci\u00f3n anual se ubic\u00f3 en 3.1 por ciento, nivel que, afirm\u00f3, representa uno de los registros m\u00e1s bajos de las \u00faltimas d\u00e9cadas. Se\u00f1al\u00f3 que las pol\u00edticas de est\u00edmulos a los precios de los combustibles y la coordinaci\u00f3n con el Banco de M\u00e9xico han contribuido a mantener la inflaci\u00f3n estable y controlada.<br><\/p>\n\n\n\n<p class=\"wp-block-paragraph\">El secretario de Hacienda tambi\u00e9n destac\u00f3 que durante el segundo trimestre de 2026 la econom\u00eda mexicana registr\u00f3 un crecimiento anual de 2.1 por ciento, resultado que calific\u00f3 como uno de los desempe\u00f1os m\u00e1s s\u00f3lidos de los \u00faltimos a\u00f1os.<br><\/p>\n\n\n\n<p class=\"wp-block-paragraph\">Asegur\u00f3 que la inversi\u00f3n mantiene un comportamiento favorable y destac\u00f3 sus componentes dom\u00e9stico, privado, p\u00fablico y extranjero, como parte de los factores que contribuyen al dinamismo de la econom\u00eda nacional.<br><\/p>\n\n\n\n<p class=\"wp-block-paragraph\">En materia de finanzas p\u00fablicas, se\u00f1al\u00f3 que los ingresos tributarios representan 15.6 por ciento del Producto Interno Bruto, cifra que calific\u00f3 como un m\u00e1ximo hist\u00f3rico y que fortalece la capacidad del Estado para financiar sus prioridades.<br><\/p>\n\n\n\n<p class=\"wp-block-paragraph\">Amador Zamora sostuvo que el pr\u00f3ximo Paquete Econ\u00f3mico buscar\u00e1 consolidar una combinaci\u00f3n de finanzas p\u00fablicas responsables, mayor recaudaci\u00f3n e inversi\u00f3n p\u00fablica, con el objetivo de impulsar un crecimiento firme y generar bienestar compartido para las familias mexicanas.<\/p>\n","protected":false},"excerpt":{"rendered":"<p>Hacienda anticipa finanzas p\u00fablicas s\u00f3lidas y una estrategia de inversi\u00f3n para fortalecer los ingresos de las familias mexicanas. De cara a la entrega del Paquete Econ\u00f3mico 2027, el secretario de Hacienda y Cr\u00e9dito P\u00fablico, \u00c9dgar Amador Zamora, se\u00f1al\u00f3 que el gobierno de la presidenta Claudia Sheinbaum Pardo priorizar\u00e1 la estabilidad de precios, el crecimiento econ\u00f3mico [&hellip;]<\/p>\n","protected":false},"author":1,"featured_media":112169,"comment_status":"closed","ping_status":"closed","sticky":false,"template":"","format":"standard","meta":{"footnotes":""},"categories":[34],"tags":[],"class_list":["post-112164","post","type-post","status-publish","format-standard","has-post-thumbnail","hentry","category-nacional"],"_links":{"self":[{"href":"https:\/\/elinformante.mx\/index.php?rest_route=\/wp\/v2\/posts\/112164","targetHints":{"allow":["GET"]}}],"collection":[{"href":"https:\/\/elinformante.mx\/index.php?rest_route=\/wp\/v2\/posts"}],"about":[{"href":"https:\/\/elinformante.mx\/index.php?rest_route=\/wp\/v2\/types\/post"}],"author":[{"embeddable":true,"href":"https:\/\/elinformante.mx\/index.php?rest_route=\/wp\/v2\/users\/1"}],"replies":[{"embeddable":true,"href":"https:\/\/elinformante.mx\/index.php?rest_route=%2Fwp%2Fv2%2Fcomments&post=112164"}],"version-history":[{"count":112170,"href":"https:\/\/elinformante.mx\/index.php?rest_route=\/wp\/v2\/posts\/112164\/revisions"}],"predecessor-version":[{"id":112170,"href":"https:\/\/elinformante.mx\/index.php?rest_route=\/wp\/v2\/posts\/112164\/revisions\/112170"}],"wp:featuredmedia":[{"embeddable":true,"href":"https:\/\/elinformante.mx\/index.php?rest_route=\/wp\/v2\/media\/112169"}],"wp:attachment":[{"href":"https:\/\/elinformante.mx\/index.php?rest_route=%2Fwp%2Fv2%2Fmedia&parent=112164"}],"wp:term":[{"taxonomy":"category","embeddable":true,"href":"https:\/\/elinformante.mx\/index.php?rest_route=%2Fwp%2Fv2%2Fcategories&post=112164"},{"taxonomy":"post_tag","embeddable":true,"href":"https:\/\/elinformante.mx\/index.php?rest_route=%2Fwp%2Fv2%2Ftags&post=112164"}],"curies":[{"name":"wp","href":"https:\/\/api.w.org\/{rel}","templated":true}]}}