{"id":112184,"date":"2026-08-31T10:17:56","date_gmt":"2026-08-31T16:17:56","guid":{"rendered":"https:\/\/elinformante.mx\/?p=112184"},"modified":"2026-08-31T10:47:05","modified_gmt":"2026-08-31T16:47:05","slug":"monreal-respalda-filtro-de-morena-para-evitar-candidaturas-con-vinculos-criminales","status":"publish","type":"post","link":"https:\/\/elinformante.mx\/?p=112184","title":{"rendered":"Monreal respalda filtros m\u00e1s estrictos para las candidaturas de Morena"},"content":{"rendered":"\n<p class=\"wp-block-paragraph\">El diputado<strong> <\/strong>Ricardo Monreal respald\u00f3 la propuesta de Morena para reforzar los filtros aplicados a quienes busquen una candidatura y evitar que lleguen a espacios de representaci\u00f3n personas con presuntos v\u00ednculos con organizaciones criminales o situaciones legales pendientes.<\/p>\n\n\n\n<p class=\"wp-block-paragraph\">\u201cQue no se cuele nadie\u201d, expres\u00f3 Monreal al respaldar la postura planteada por Ariadna Montiel. El legislador se\u00f1al\u00f3 que la intenci\u00f3n es revisar con mayor atenci\u00f3n los perfiles de quienes aspiren a representar al partido en futuros procesos electorales.<\/p>\n\n\n\n<p class=\"wp-block-paragraph\">Entre los criterios mencionados se encuentran posibles v\u00ednculos con actividades criminales, asuntos pendientes con la ley y deudas alimentarias. La propuesta busca establecer controles internos antes de otorgar candidaturas y reducir el riesgo de que perfiles cuestionados lleguen a cargos p\u00fablicos bajo las siglas de Morena.<\/p>\n\n\n\n<p class=\"wp-block-paragraph\">Ricardo Monreal<strong> <\/strong>agreg\u00f3 que estas medidas estar\u00e1n relacionadas con el paquete anticorrupci\u00f3n impulsado por la presidenta Claudia Sheinbaum, con el que se busca fortalecer los mecanismos de prevenci\u00f3n, vigilancia y rendici\u00f3n de cuentas dentro del servicio p\u00fablico.<\/p>\n\n\n\n<p class=\"wp-block-paragraph\">El planteamiento deber\u00e1 traducirse en reglas y mecanismos espec\u00edficos para determinar c\u00f3mo se realizar\u00e1n las revisiones y qu\u00e9 criterios ser\u00e1n utilizados. Monreal manifest\u00f3 su respaldo a que Morena endurezca sus controles internos de cara a los pr\u00f3ximos procesos electorales.<\/p>\n","protected":false},"excerpt":{"rendered":"<p>El diputado Ricardo Monreal respald\u00f3 la propuesta de Morena para reforzar los filtros aplicados a quienes busquen una candidatura y evitar que lleguen a espacios de representaci\u00f3n personas con presuntos v\u00ednculos con organizaciones criminales o situaciones legales pendientes. \u201cQue no se cuele nadie\u201d, expres\u00f3 Monreal al respaldar la postura planteada por Ariadna Montiel. El legislador [&hellip;]<\/p>\n","protected":false},"author":2,"featured_media":112185,"comment_status":"closed","ping_status":"closed","sticky":false,"template":"","format":"standard","meta":{"footnotes":""},"categories":[34],"tags":[2330,2326,80,2328,2327,91,2209,2323,2331,246,75,2329,2196,109],"class_list":["post-112184","post","type-post","status-publish","format-standard","has-post-thumbnail","hentry","category-nacional","tag-anticorrupcion","tag-ariadna-montiel","tag-camara-de-diputados","tag-candidatos","tag-candidaturas-morena","tag-claudia-sheinbaum","tag-congreso-de-la-union","tag-crimen-organizado","tag-deudores-alimentarios","tag-elecciones-mexico","tag-morena","tag-paquete-anticorrupcion","tag-politica-nacional","tag-ricardo-monreal"],"_links":{"self":[{"href":"https:\/\/elinformante.mx\/index.php?rest_route=\/wp\/v2\/posts\/112184","targetHints":{"allow":["GET"]}}],"collection":[{"href":"https:\/\/elinformante.mx\/index.php?rest_route=\/wp\/v2\/posts"}],"about":[{"href":"https:\/\/elinformante.mx\/index.php?rest_route=\/wp\/v2\/types\/post"}],"author":[{"embeddable":true,"href":"https:\/\/elinformante.mx\/index.php?rest_route=\/wp\/v2\/users\/2"}],"replies":[{"embeddable":true,"href":"https:\/\/elinformante.mx\/index.php?rest_route=%2Fwp%2Fv2%2Fcomments&post=112184"}],"version-history":[{"count":112188,"href":"https:\/\/elinformante.mx\/index.php?rest_route=\/wp\/v2\/posts\/112184\/revisions"}],"predecessor-version":[{"id":112188,"href":"https:\/\/elinformante.mx\/index.php?rest_route=\/wp\/v2\/posts\/112184\/revisions\/112188"}],"wp:featuredmedia":[{"embeddable":true,"href":"https:\/\/elinformante.mx\/index.php?rest_route=\/wp\/v2\/media\/112185"}],"wp:attachment":[{"href":"https:\/\/elinformante.mx\/index.php?rest_route=%2Fwp%2Fv2%2Fmedia&parent=112184"}],"wp:term":[{"taxonomy":"category","embeddable":true,"href":"https:\/\/elinformante.mx\/index.php?rest_route=%2Fwp%2Fv2%2Fcategories&post=112184"},{"taxonomy":"post_tag","embeddable":true,"href":"https:\/\/elinformante.mx\/index.php?rest_route=%2Fwp%2Fv2%2Ftags&post=112184"}],"curies":[{"name":"wp","href":"https:\/\/api.w.org\/{rel}","templated":true}]}}