{"id":112189,"date":"2026-08-31T10:49:14","date_gmt":"2026-08-31T16:49:14","guid":{"rendered":"https:\/\/elinformante.mx\/?p=112189"},"modified":"2026-08-31T10:49:18","modified_gmt":"2026-08-31T16:49:18","slug":"segundo-informe-de-gobierno-modifica-agenda-de-claudia-sheinbaum","status":"publish","type":"post","link":"https:\/\/elinformante.mx\/?p=112189","title":{"rendered":"Segundo Informe de Gobierno modifica agenda de Claudia Sheinbaum"},"content":{"rendered":"\n<p class=\"wp-block-paragraph\">La presidenta Claudia Sheinbaum inform\u00f3 que este martes no se realizar\u00e1 la conferencia matutina debido a que presentar\u00e1 su Segundo Informe de Gobierno, una de las actividades centrales de su agenda presidencial.<\/p>\n\n\n\n<p class=\"wp-block-paragraph\">La mandataria explic\u00f3 que la suspensi\u00f3n de la ma\u00f1anera responde a la presentaci\u00f3n del informe, en el que dar\u00e1 a conocer un balance de las acciones, programas y resultados alcanzados durante su administraci\u00f3n.<\/p>\n\n\n\n<p class=\"wp-block-paragraph\">Sheinbaum tambi\u00e9n adelant\u00f3 que posteriormente llevar\u00e1 los resultados de su gobierno a distintas entidades del pa\u00eds, como parte de un recorrido en el que presentar\u00e1 los avances correspondientes a cada estado.<\/p>\n\n\n\n<p class=\"wp-block-paragraph\">Respecto a la conferencia de este lunes, la presidenta precis\u00f3 que no responder\u00e1 preguntas sobre asuntos distintos a los temas programados: el \u201cABC de las emociones\u201d y el regreso a clases, en el marco del inicio del nuevo ciclo escolar.<\/p>\n\n\n\n<p class=\"wp-block-paragraph\">De esta manera, la agenda presidencial tendr\u00e1 modificaciones durante los pr\u00f3ximos d\u00edas debido a las actividades relacionadas con el Segundo Informe de Gobierno, mientras Claudia Sheinbaum concentra la jornada previa en asuntos educativos y en el regreso de millones de estudiantes a las aulas.<\/p>\n\n\n\n<p class=\"wp-block-paragraph\"><\/p>\n","protected":false},"excerpt":{"rendered":"<p>La presidenta Claudia Sheinbaum inform\u00f3 que este martes no se realizar\u00e1 la conferencia matutina debido a que presentar\u00e1 su Segundo Informe de Gobierno, una de las actividades centrales de su agenda presidencial. La mandataria explic\u00f3 que la suspensi\u00f3n de la ma\u00f1anera responde a la presentaci\u00f3n del informe, en el que dar\u00e1 a conocer un balance [&hellip;]<\/p>\n","protected":false},"author":2,"featured_media":112190,"comment_status":"closed","ping_status":"closed","sticky":false,"template":"","format":"standard","meta":{"footnotes":""},"categories":[34],"tags":[2336,2334,91,2333,2335,2193,2252,2278,2275,2196,2221,820,2332,2337],"class_list":["post-112189","post","type-post","status-publish","format-standard","has-post-thumbnail","hentry","category-nacional","tag-abc-de-las-emociones","tag-ciclo-escolar","tag-claudia-sheinbaum","tag-conferencia-matutina","tag-educacion-en-mexico","tag-gobierno-de-mexico","tag-informe-de-gobierno","tag-mananera","tag-mananera-del-pueblo","tag-politica-nacional","tag-presidencia-de-mexico","tag-regreso-a-clases","tag-segundo-informe-de-gobierno","tag-sep"],"_links":{"self":[{"href":"https:\/\/elinformante.mx\/index.php?rest_route=\/wp\/v2\/posts\/112189","targetHints":{"allow":["GET"]}}],"collection":[{"href":"https:\/\/elinformante.mx\/index.php?rest_route=\/wp\/v2\/posts"}],"about":[{"href":"https:\/\/elinformante.mx\/index.php?rest_route=\/wp\/v2\/types\/post"}],"author":[{"embeddable":true,"href":"https:\/\/elinformante.mx\/index.php?rest_route=\/wp\/v2\/users\/2"}],"replies":[{"embeddable":true,"href":"https:\/\/elinformante.mx\/index.php?rest_route=%2Fwp%2Fv2%2Fcomments&post=112189"}],"version-history":[{"count":112191,"href":"https:\/\/elinformante.mx\/index.php?rest_route=\/wp\/v2\/posts\/112189\/revisions"}],"predecessor-version":[{"id":112191,"href":"https:\/\/elinformante.mx\/index.php?rest_route=\/wp\/v2\/posts\/112189\/revisions\/112191"}],"wp:featuredmedia":[{"embeddable":true,"href":"https:\/\/elinformante.mx\/index.php?rest_route=\/wp\/v2\/media\/112190"}],"wp:attachment":[{"href":"https:\/\/elinformante.mx\/index.php?rest_route=%2Fwp%2Fv2%2Fmedia&parent=112189"}],"wp:term":[{"taxonomy":"category","embeddable":true,"href":"https:\/\/elinformante.mx\/index.php?rest_route=%2Fwp%2Fv2%2Fcategories&post=112189"},{"taxonomy":"post_tag","embeddable":true,"href":"https:\/\/elinformante.mx\/index.php?rest_route=%2Fwp%2Fv2%2Ftags&post=112189"}],"curies":[{"name":"wp","href":"https:\/\/api.w.org\/{rel}","templated":true}]}}