{"id":112192,"date":"2026-08-31T11:10:43","date_gmt":"2026-08-31T17:10:43","guid":{"rendered":"https:\/\/elinformante.mx\/?p=112192"},"modified":"2026-08-31T11:10:46","modified_gmt":"2026-08-31T17:10:46","slug":"norona-acusa-a-ignacio-mier-de-romper-acuerdos-por-la-presidencia-del-senado","status":"publish","type":"post","link":"https:\/\/elinformante.mx\/?p=112192","title":{"rendered":"Noro\u00f1a acusa a Ignacio Mier de romper acuerdos por la presidencia del Senado"},"content":{"rendered":"\n<p class=\"wp-block-paragraph\">El senador Gerardo Fern\u00e1ndez Noro\u00f1a lanz\u00f3 cr\u00edticas contra Ignacio Mier en medio de las diferencias internas de Morena por la definici\u00f3n de la presidencia del Senado y lo acus\u00f3 de \u201csimulaci\u00f3n\u201d durante el proceso para determinar qui\u00e9n ocupar\u00e1 el cargo.<\/p>\n\n\n\n<p class=\"wp-block-paragraph\">Fern\u00e1ndez Noro\u00f1a sostuvo que exist\u00edan acuerdos pol\u00edticos previos que, desde su perspectiva, no habr\u00edan sido respetados. Sus declaraciones evidenciaron las diferencias entre integrantes del mismo movimiento en torno a la organizaci\u00f3n y conducci\u00f3n de la C\u00e1mara Alta.<\/p>\n\n\n\n<p class=\"wp-block-paragraph\">Durante sus declaraciones, Noro\u00f1a tambi\u00e9n cuestion\u00f3 la trayectoria pol\u00edtica de Ignacio Mier y record\u00f3 su pasado dentro del PRI. \u201cYo no estaba en el PRI cuando mi compa\u00f1ero Nacho Mier s\u00ed estaba votando el Fobaproa\u201d, expres\u00f3 el senador al responder a las diferencias surgidas durante el proceso interno.<\/p>\n\n\n\n<p class=\"wp-block-paragraph\">El intercambio ocurre mientras Morena define posiciones relevantes dentro del Senado para el nuevo periodo legislativo. La presidencia de la Mesa Directiva tiene entre sus responsabilidades conducir las sesiones y representar institucionalmente a la C\u00e1mara Alta.<\/p>\n\n\n\n<p class=\"wp-block-paragraph\">Las declaraciones de Gerardo Fern\u00e1ndez Noro\u00f1a muestran las diferencias existentes dentro de Morena en torno al proceso. Por ahora, los se\u00f1alamientos sobre supuestos acuerdos incumplidos corresponden a la postura expresada por el senador y forman parte de la discusi\u00f3n pol\u00edtica interna.<\/p>\n","protected":false},"excerpt":{"rendered":"<p>El senador Gerardo Fern\u00e1ndez Noro\u00f1a lanz\u00f3 cr\u00edticas contra Ignacio Mier en medio de las diferencias internas de Morena por la definici\u00f3n de la presidencia del Senado y lo acus\u00f3 de \u201csimulaci\u00f3n\u201d durante el proceso para determinar qui\u00e9n ocupar\u00e1 el cargo. Fern\u00e1ndez Noro\u00f1a sostuvo que exist\u00edan acuerdos pol\u00edticos previos que, desde su perspectiva, no habr\u00edan sido [&hellip;]<\/p>\n","protected":false},"author":2,"featured_media":112193,"comment_status":"closed","ping_status":"closed","sticky":false,"template":"","format":"standard","meta":{"footnotes":""},"categories":[34],"tags":[2288,2209,2342,2341,2338,146,2340,75,77,2196,2339,2222,2205,2208],"class_list":["post-112192","post","type-post","status-publish","format-standard","has-post-thumbnail","hentry","category-nacional","tag-bancada-de-morena","tag-congreso-de-la-union","tag-diferencias-en-morena","tag-fobaproa","tag-gerardo-fernandez-norona","tag-ignacio-mier","tag-mesa-directiva","tag-morena","tag-politica-mexicana","tag-politica-nacional","tag-presidencia-del-senado","tag-pri","tag-senado-de-la-republica","tag-senadores"],"_links":{"self":[{"href":"https:\/\/elinformante.mx\/index.php?rest_route=\/wp\/v2\/posts\/112192","targetHints":{"allow":["GET"]}}],"collection":[{"href":"https:\/\/elinformante.mx\/index.php?rest_route=\/wp\/v2\/posts"}],"about":[{"href":"https:\/\/elinformante.mx\/index.php?rest_route=\/wp\/v2\/types\/post"}],"author":[{"embeddable":true,"href":"https:\/\/elinformante.mx\/index.php?rest_route=\/wp\/v2\/users\/2"}],"replies":[{"embeddable":true,"href":"https:\/\/elinformante.mx\/index.php?rest_route=%2Fwp%2Fv2%2Fcomments&post=112192"}],"version-history":[{"count":112194,"href":"https:\/\/elinformante.mx\/index.php?rest_route=\/wp\/v2\/posts\/112192\/revisions"}],"predecessor-version":[{"id":112194,"href":"https:\/\/elinformante.mx\/index.php?rest_route=\/wp\/v2\/posts\/112192\/revisions\/112194"}],"wp:featuredmedia":[{"embeddable":true,"href":"https:\/\/elinformante.mx\/index.php?rest_route=\/wp\/v2\/media\/112193"}],"wp:attachment":[{"href":"https:\/\/elinformante.mx\/index.php?rest_route=%2Fwp%2Fv2%2Fmedia&parent=112192"}],"wp:term":[{"taxonomy":"category","embeddable":true,"href":"https:\/\/elinformante.mx\/index.php?rest_route=%2Fwp%2Fv2%2Fcategories&post=112192"},{"taxonomy":"post_tag","embeddable":true,"href":"https:\/\/elinformante.mx\/index.php?rest_route=%2Fwp%2Fv2%2Ftags&post=112192"}],"curies":[{"name":"wp","href":"https:\/\/api.w.org\/{rel}","templated":true}]}}