{"id":112195,"date":"2026-08-31T17:54:02","date_gmt":"2026-08-31T23:54:02","guid":{"rendered":"https:\/\/elinformante.mx\/?p=112195"},"modified":"2026-08-31T17:58:24","modified_gmt":"2026-08-31T23:58:24","slug":"delfina-gomez-arranca-ciclo-escolar-2026-2027-estudiantes-del-edomex-ya-cuentan-con-seguro-escolar","status":"publish","type":"post","link":"https:\/\/elinformante.mx\/?p=112195","title":{"rendered":"DELFINA G\u00d3MEZ ARRANCA CICLO ESCOLAR 2026-2027; ESTUDIANTES DEL EDOM\u00c9X YA CUENTAN CON SEGURO ESCOLAR"},"content":{"rendered":"\n<p class=\"wp-block-paragraph\">La gobernadora del Estado de M\u00e9xico, <strong>Delfina G\u00f3mez \u00c1lvarez<\/strong>, encabez\u00f3 en Xalatlaco el inicio del <strong>Ciclo Escolar 2026-2027<\/strong> y anunci\u00f3 que las y los estudiantes mexiquenses ya cuentan con <strong>seguro escolar<\/strong>, una de las principales novedades para este regreso a clases.<\/p>\n\n\n\n<p class=\"wp-block-paragraph\">Durante el evento en la Escuela Primaria \u201cCuauht\u00e9moc\u201d, la mandataria inform\u00f3 que los libros de texto gratuitos ya se encuentran en los planteles y comenz\u00f3 la entrega de \u00fatiles escolares. En total, <strong>m\u00e1s de 2.7 millones de estudiantes<\/strong> recibir\u00e1n estos materiales, con una inversi\u00f3n superior a <strong>mil 255 millones de pesos<\/strong>.<\/p>\n\n\n\n<p class=\"wp-block-paragraph\">Delfina G\u00f3mez destac\u00f3 que durante su administraci\u00f3n los gobiernos estatal y federal han destinado m\u00e1s de <strong>12 mil 313 millones de pesos<\/strong> a educaci\u00f3n, mediante becas, infraestructura, equipamiento, mobiliario, materiales did\u00e1cticos y otros programas. Adem\u00e1s, anunci\u00f3 la entrega de <strong>40 equipos de c\u00f3mputo<\/strong> para la primaria \u201cCuauht\u00e9moc\u201d.<\/p>\n\n\n\n<p class=\"wp-block-paragraph\">Para el nuevo ciclo tambi\u00e9n continuar\u00e1 el programa <strong>\u201cMochila de Paz\u201d<\/strong>, con participaci\u00f3n de madres y padres de familia, y la entidad se incorporar\u00e1 al programa <strong>ABC de las Emociones<\/strong>, enfocado en la atenci\u00f3n socioemocional de ni\u00f1as, ni\u00f1os y adolescentes.<\/p>\n\n\n\n<p class=\"wp-block-paragraph\">Autoridades educativas se\u00f1alaron que las <strong>19 mil 600 escuelas de educaci\u00f3n b\u00e1sica<\/strong> de la entidad ya cuentan con sus libros de texto gratuitos, como parte de la estrategia estatal para el regreso a clases.<\/p>\n","protected":false},"excerpt":{"rendered":"<p>La gobernadora del Estado de M\u00e9xico, Delfina G\u00f3mez \u00c1lvarez, encabez\u00f3 en Xalatlaco el inicio del Ciclo Escolar 2026-2027 y anunci\u00f3 que las y los estudiantes mexiquenses ya cuentan con seguro escolar, una de las principales novedades para este regreso a clases. Durante el evento en la Escuela Primaria \u201cCuauht\u00e9moc\u201d, la mandataria inform\u00f3 que los libros [&hellip;]<\/p>\n","protected":false},"author":2,"featured_media":112197,"comment_status":"closed","ping_status":"closed","sticky":false,"template":"","format":"standard","meta":{"footnotes":""},"categories":[36],"tags":[],"class_list":["post-112195","post","type-post","status-publish","format-standard","has-post-thumbnail","hentry","category-edomex"],"_links":{"self":[{"href":"https:\/\/elinformante.mx\/index.php?rest_route=\/wp\/v2\/posts\/112195","targetHints":{"allow":["GET"]}}],"collection":[{"href":"https:\/\/elinformante.mx\/index.php?rest_route=\/wp\/v2\/posts"}],"about":[{"href":"https:\/\/elinformante.mx\/index.php?rest_route=\/wp\/v2\/types\/post"}],"author":[{"embeddable":true,"href":"https:\/\/elinformante.mx\/index.php?rest_route=\/wp\/v2\/users\/2"}],"replies":[{"embeddable":true,"href":"https:\/\/elinformante.mx\/index.php?rest_route=%2Fwp%2Fv2%2Fcomments&post=112195"}],"version-history":[{"count":112196,"href":"https:\/\/elinformante.mx\/index.php?rest_route=\/wp\/v2\/posts\/112195\/revisions"}],"predecessor-version":[{"id":112196,"href":"https:\/\/elinformante.mx\/index.php?rest_route=\/wp\/v2\/posts\/112195\/revisions\/112196"}],"wp:featuredmedia":[{"embeddable":true,"href":"https:\/\/elinformante.mx\/index.php?rest_route=\/wp\/v2\/media\/112197"}],"wp:attachment":[{"href":"https:\/\/elinformante.mx\/index.php?rest_route=%2Fwp%2Fv2%2Fmedia&parent=112195"}],"wp:term":[{"taxonomy":"category","embeddable":true,"href":"https:\/\/elinformante.mx\/index.php?rest_route=%2Fwp%2Fv2%2Fcategories&post=112195"},{"taxonomy":"post_tag","embeddable":true,"href":"https:\/\/elinformante.mx\/index.php?rest_route=%2Fwp%2Fv2%2Ftags&post=112195"}],"curies":[{"name":"wp","href":"https:\/\/api.w.org\/{rel}","templated":true}]}}