{"id":112221,"date":"2026-09-01T04:48:47","date_gmt":"2026-09-01T10:48:47","guid":{"rendered":"https:\/\/elinformante.mx\/?p=112221"},"modified":"2026-09-01T04:48:54","modified_gmt":"2026-09-01T10:48:54","slug":"lo-cacharon-con-la-pistola-en-la-mano-detienen-a-joven-tras-asalto-en-tienda-de-chalco","status":"publish","type":"post","link":"https:\/\/elinformante.mx\/?p=112221","title":{"rendered":"\u00a1Lo cacharon con la pistola en la mano! Detienen a joven tras asalto en tienda de Chalco"},"content":{"rendered":"\n<figure class=\"wp-block-pullquote\"><blockquote><p>Jonathan \u201cN\u201d, de 22 a\u00f1os, habr\u00eda amenazado al personal de seguridad; polic\u00edas recuperaron mercanc\u00eda y aseguraron un arma calibre .22.<\/p><\/blockquote><\/figure>\n\n\n\n<p class=\"has-drop-cap wp-block-paragraph\">Un joven de 22 a\u00f1os fue detenido en Chalco, Estado de M\u00e9xico, luego de que presuntamente amenazara con un arma de fuego al personal de seguridad de una tienda comercial.<br><\/p>\n\n\n\n<p class=\"wp-block-paragraph\">Elementos de la Secretar\u00eda de seguridad del Estado de M\u00e9xico realizaban patrullajes como parte del Mando Unificado Zona Oriente cuando recibieron una alerta sobre una persona armada dentro de un establecimiento.<br><\/p>\n\n\n\n<p class=\"wp-block-paragraph\">Al llegar, los polic\u00edas encontraron al sospechoso con lo que parec\u00eda ser una pistola en la mano. Tras emitir comandos verbales, lograron controlar la situaci\u00f3n y procedieron a realizar una inspecci\u00f3n.<br><\/p>\n\n\n\n<figure class=\"wp-block-image size-large\"><img fetchpriority=\"high\" decoding=\"async\" width=\"1024\" height=\"506\" src=\"https:\/\/elinformante.mx\/wp-content\/uploads\/2026\/09\/13lo-cacharon-2-1024x506.jpg\" alt=\"\" class=\"wp-image-112229\" srcset=\"https:\/\/elinformante.mx\/wp-content\/uploads\/2026\/09\/13lo-cacharon-2-1024x506.jpg 1024w, https:\/\/elinformante.mx\/wp-content\/uploads\/2026\/09\/13lo-cacharon-2-300x148.jpg 300w, https:\/\/elinformante.mx\/wp-content\/uploads\/2026\/09\/13lo-cacharon-2-767x379.jpg 767w, https:\/\/elinformante.mx\/wp-content\/uploads\/2026\/09\/13lo-cacharon-2.jpg 1140w\" sizes=\"(max-width: 1024px) 100vw, 1024px\" \/><\/figure>\n\n\n\n<p class=\"wp-block-paragraph\">Durante la intervenci\u00f3n fue asegurada un arma corta calibre .22, ocho cartuchos \u00fatiles y mercanc\u00eda diversa, que habr\u00eda sido sustra\u00edda del establecimiento.<br><\/p>\n\n\n\n<p class=\"wp-block-paragraph\">El detenido, identificado como Jonathan \u201cN\u201d, fue informado de sus derechos y trasladado junto con los objetos asegurados ante el Ministerio P\u00fablico, autoridad que determinar\u00e1 su situaci\u00f3n jur\u00eddica.<br><\/p>\n\n\n\n<p class=\"wp-block-paragraph\">El sujeto qued\u00f3 bajo investigaci\u00f3n por su probable participaci\u00f3n en los delitos de portaci\u00f3n de arma de fuego y robo con violencia.<\/p>\n","protected":false},"excerpt":{"rendered":"<p>Jonathan \u201cN\u201d, de 22 a\u00f1os, habr\u00eda amenazado al personal de seguridad; polic\u00edas recuperaron mercanc\u00eda y aseguraron un arma calibre .22. Un joven de 22 a\u00f1os fue detenido en Chalco, Estado de M\u00e9xico, luego de que presuntamente amenazara con un arma de fuego al personal de seguridad de una tienda comercial. Elementos de la Secretar\u00eda de [&hellip;]<\/p>\n","protected":false},"author":1,"featured_media":112228,"comment_status":"closed","ping_status":"closed","sticky":false,"template":"","format":"standard","meta":{"footnotes":""},"categories":[30,36,37],"tags":[],"class_list":["post-112221","post","type-post","status-publish","format-standard","has-post-thumbnail","hentry","category-destacado","category-edomex","category-justicia"],"_links":{"self":[{"href":"https:\/\/elinformante.mx\/index.php?rest_route=\/wp\/v2\/posts\/112221","targetHints":{"allow":["GET"]}}],"collection":[{"href":"https:\/\/elinformante.mx\/index.php?rest_route=\/wp\/v2\/posts"}],"about":[{"href":"https:\/\/elinformante.mx\/index.php?rest_route=\/wp\/v2\/types\/post"}],"author":[{"embeddable":true,"href":"https:\/\/elinformante.mx\/index.php?rest_route=\/wp\/v2\/users\/1"}],"replies":[{"embeddable":true,"href":"https:\/\/elinformante.mx\/index.php?rest_route=%2Fwp%2Fv2%2Fcomments&post=112221"}],"version-history":[{"count":0,"href":"https:\/\/elinformante.mx\/index.php?rest_route=\/wp\/v2\/posts\/112221\/revisions"}],"wp:featuredmedia":[{"embeddable":true,"href":"https:\/\/elinformante.mx\/index.php?rest_route=\/wp\/v2\/media\/112228"}],"wp:attachment":[{"href":"https:\/\/elinformante.mx\/index.php?rest_route=%2Fwp%2Fv2%2Fmedia&parent=112221"}],"wp:term":[{"taxonomy":"category","embeddable":true,"href":"https:\/\/elinformante.mx\/index.php?rest_route=%2Fwp%2Fv2%2Fcategories&post=112221"},{"taxonomy":"post_tag","embeddable":true,"href":"https:\/\/elinformante.mx\/index.php?rest_route=%2Fwp%2Fv2%2Ftags&post=112221"}],"curies":[{"name":"wp","href":"https:\/\/api.w.org\/{rel}","templated":true}]}}