{"id":112226,"date":"2026-09-01T04:50:26","date_gmt":"2026-09-01T10:50:26","guid":{"rendered":"https:\/\/elinformante.mx\/?p=112226"},"modified":"2026-09-01T04:50:33","modified_gmt":"2026-09-01T10:50:33","slug":"isaac-montoya-fortalece-el-regreso-a-clases-con-apoyos-a-estudiantes-en-naucalpan","status":"publish","type":"post","link":"https:\/\/elinformante.mx\/?p=112226","title":{"rendered":"Isaac Montoya fortalece el regreso a clases con apoyos a estudiantes en Naucalpan"},"content":{"rendered":"\n<figure class=\"wp-block-pullquote\"><blockquote><p>El alcalde destac\u00f3 acciones municipales como \u201cImpulsando tu Escuela\u201d, entrega de kits escolares y recuperaci\u00f3n de espacios educativos.<\/p><\/blockquote><\/figure>\n\n\n\n<p class=\"has-drop-cap wp-block-paragraph\">El Presidente Municipal de Naucalpan, Isaac Montoya M\u00e1rquez, encabez\u00f3 el inicio del Ciclo Escolar 2026-2027 en la Telesecundaria \u201cManuel Bernal Mej\u00eda\u201d, donde refrend\u00f3 el compromiso de su administraci\u00f3n con el fortalecimiento de la educaci\u00f3n p\u00fablica y la generaci\u00f3n de mejores condiciones para estudiantes y familias.<br><\/p>\n\n\n\n<p class=\"wp-block-paragraph\">Acompa\u00f1ado por autoridades del Gobierno del Estado de M\u00e9xico, el alcalde destac\u00f3 que el regreso a las aulas se desarrolla bajo la estrategia \u201cEdom\u00e9x al 100 en este regreso a clases\u201d, que contempla la entrega de libros de texto gratuitos, \u00fatiles escolares, mobiliario, seguro escolar y acciones de seguridad para las comunidades educativas.<br><\/p>\n\n\n\n<p class=\"wp-block-paragraph\">En la entidad, m\u00e1s de 4.2 millones de estudiantes y 259 mil 595 docentes regresaron este lunes a las aulas. Como parte de las acciones estatales, se inici\u00f3 tambi\u00e9n la entrega de \u00fatiles escolares a m\u00e1s de 2.7 millones de alumnos de educaci\u00f3n b\u00e1sica, con el prop\u00f3sito de apoyar la econom\u00eda de las familias mexiquenses.<br><\/p>\n\n\n\n<figure class=\"wp-block-image size-large\"><img fetchpriority=\"high\" decoding=\"async\" width=\"1024\" height=\"506\" src=\"https:\/\/elinformante.mx\/wp-content\/uploads\/2026\/09\/12NAUCALPAN-1024x506.jpg\" alt=\"\" class=\"wp-image-112233\" srcset=\"https:\/\/elinformante.mx\/wp-content\/uploads\/2026\/09\/12NAUCALPAN-1024x506.jpg 1024w, https:\/\/elinformante.mx\/wp-content\/uploads\/2026\/09\/12NAUCALPAN-300x148.jpg 300w, https:\/\/elinformante.mx\/wp-content\/uploads\/2026\/09\/12NAUCALPAN-767x379.jpg 767w, https:\/\/elinformante.mx\/wp-content\/uploads\/2026\/09\/12NAUCALPAN.jpg 1140w\" sizes=\"(max-width: 1024px) 100vw, 1024px\" \/><\/figure>\n\n\n\n<p class=\"wp-block-paragraph\">Montoya M\u00e1rquez se\u00f1al\u00f3 que el Gobierno de Naucalpan comparte la visi\u00f3n de que la educaci\u00f3n es una responsabilidad colectiva y una herramienta fundamental para construir una sociedad m\u00e1s incluyente y con mayores oportunidades.<br><\/p>\n\n\n\n<p class=\"wp-block-paragraph\">En el \u00e1mbito municipal, destac\u00f3 los avances del programa \u201cImpulsando tu Escuela\u201d, mediante el cual se beneficia a m\u00e1s de 20 mil estudiantes con acciones para mejorar las condiciones de los planteles. A ello se suma la entrega de mochilas y kits escolares, as\u00ed como trabajos de recuperaci\u00f3n de espacios educativos y la construcci\u00f3n de senderos seguros y luminosos.<br><\/p>\n\n\n\n<p class=\"wp-block-paragraph\">El edil tambi\u00e9n reconoci\u00f3 el respaldo de la Presidenta de M\u00e9xico, Claudia Sheinbaum Pardo, y de la Gobernadora del Estado de M\u00e9xico, Delfina G\u00f3mez \u00c1lvarez, a trav\u00e9s de programas como \u201cLa Escuela es Nuestra\u201d, que entrega recursos directamente a las comunidades escolares para fortalecer la infraestructura y el equipamiento de los planteles.<br><\/p>\n\n\n\n<p class=\"wp-block-paragraph\">Por su parte, el Secretario de Finanzas del Gobierno estatal, \u00d3scar Flores Jim\u00e9nez, destac\u00f3 el compromiso de la administraci\u00f3n mexiquense con la educaci\u00f3n y la econom\u00eda de las familias mediante la entrega de \u00fatiles escolares.<\/p>\n","protected":false},"excerpt":{"rendered":"<p>El alcalde destac\u00f3 acciones municipales como \u201cImpulsando tu Escuela\u201d, entrega de kits escolares y recuperaci\u00f3n de espacios educativos. El Presidente Municipal de Naucalpan, Isaac Montoya M\u00e1rquez, encabez\u00f3 el inicio del Ciclo Escolar 2026-2027 en la Telesecundaria \u201cManuel Bernal Mej\u00eda\u201d, donde refrend\u00f3 el compromiso de su administraci\u00f3n con el fortalecimiento de la educaci\u00f3n p\u00fablica y la [&hellip;]<\/p>\n","protected":false},"author":1,"featured_media":112232,"comment_status":"closed","ping_status":"closed","sticky":false,"template":"","format":"standard","meta":{"footnotes":""},"categories":[36],"tags":[],"class_list":["post-112226","post","type-post","status-publish","format-standard","has-post-thumbnail","hentry","category-edomex"],"_links":{"self":[{"href":"https:\/\/elinformante.mx\/index.php?rest_route=\/wp\/v2\/posts\/112226","targetHints":{"allow":["GET"]}}],"collection":[{"href":"https:\/\/elinformante.mx\/index.php?rest_route=\/wp\/v2\/posts"}],"about":[{"href":"https:\/\/elinformante.mx\/index.php?rest_route=\/wp\/v2\/types\/post"}],"author":[{"embeddable":true,"href":"https:\/\/elinformante.mx\/index.php?rest_route=\/wp\/v2\/users\/1"}],"replies":[{"embeddable":true,"href":"https:\/\/elinformante.mx\/index.php?rest_route=%2Fwp%2Fv2%2Fcomments&post=112226"}],"version-history":[{"count":0,"href":"https:\/\/elinformante.mx\/index.php?rest_route=\/wp\/v2\/posts\/112226\/revisions"}],"wp:featuredmedia":[{"embeddable":true,"href":"https:\/\/elinformante.mx\/index.php?rest_route=\/wp\/v2\/media\/112232"}],"wp:attachment":[{"href":"https:\/\/elinformante.mx\/index.php?rest_route=%2Fwp%2Fv2%2Fmedia&parent=112226"}],"wp:term":[{"taxonomy":"category","embeddable":true,"href":"https:\/\/elinformante.mx\/index.php?rest_route=%2Fwp%2Fv2%2Fcategories&post=112226"},{"taxonomy":"post_tag","embeddable":true,"href":"https:\/\/elinformante.mx\/index.php?rest_route=%2Fwp%2Fv2%2Ftags&post=112226"}],"curies":[{"name":"wp","href":"https:\/\/api.w.org\/{rel}","templated":true}]}}