{"id":112231,"date":"2026-09-01T04:52:22","date_gmt":"2026-09-01T10:52:22","guid":{"rendered":"https:\/\/elinformante.mx\/?p=112231"},"modified":"2026-09-01T04:52:25","modified_gmt":"2026-09-01T10:52:25","slug":"saray-benitez-fortalece-la-educacion-en-mexicaltzingo-con-equipo-y-programas-para-estudiantes","status":"publish","type":"post","link":"https:\/\/elinformante.mx\/?p=112231","title":{"rendered":"Saray Ben\u00edtez fortalece la educaci\u00f3n en Mexicaltzingo con equipo y programas para estudiantes"},"content":{"rendered":"\n<figure class=\"wp-block-pullquote\"><blockquote><p>Destac\u00f3 la entrega de 20 laptops, as\u00ed como acciones para impulsar la seguridad y el bienestar de las comunidades escolares.<\/p><\/blockquote><\/figure>\n\n\n\n<p class=\"has-drop-cap wp-block-paragraph\">La Presidenta Municipal de Mexicaltzingo, Saray Ben\u00edtez Espinosa, encabez\u00f3 las actividades por el inicio del Ciclo Escolar 2026-2027, en una jornada en la que refrend\u00f3 el compromiso de su administraci\u00f3n con la educaci\u00f3n y destac\u00f3 la coordinaci\u00f3n con el Gobierno del Estado de M\u00e9xico para generar mejores oportunidades para ni\u00f1as, ni\u00f1os y j\u00f3venes.<br><\/p>\n\n\n\n<p class=\"wp-block-paragraph\">Como parte de esta colaboraci\u00f3n, se realiz\u00f3 la entrega de 20 equipos de c\u00f3mputo a la Escuela Preparatoria Oficial No. 45, herramientas que contribuir\u00e1n a fortalecer el aprendizaje y ampliar las oportunidades de desarrollo acad\u00e9mico de las y los estudiantes.<br><\/p>\n\n\n\n<p class=\"wp-block-paragraph\">La alcaldesa reconoci\u00f3 el respaldo de la Gobernadora Delfina G\u00f3mez \u00c1lvarez y del Secretario de Educaci\u00f3n, Ciencia, Tecnolog\u00eda e Innovaci\u00f3n, Miguel \u00c1ngel Hern\u00e1ndez Espejel, para impulsar acciones que fortalezcan la educaci\u00f3n en el municipio.<br><\/p>\n\n\n\n<figure class=\"wp-block-image size-large\"><img fetchpriority=\"high\" decoding=\"async\" width=\"1024\" height=\"506\" src=\"https:\/\/elinformante.mx\/wp-content\/uploads\/2026\/09\/12MEXI-2-1024x506.jpg\" alt=\"\" class=\"wp-image-112237\" srcset=\"https:\/\/elinformante.mx\/wp-content\/uploads\/2026\/09\/12MEXI-2-1024x506.jpg 1024w, https:\/\/elinformante.mx\/wp-content\/uploads\/2026\/09\/12MEXI-2-300x148.jpg 300w, https:\/\/elinformante.mx\/wp-content\/uploads\/2026\/09\/12MEXI-2-767x379.jpg 767w, https:\/\/elinformante.mx\/wp-content\/uploads\/2026\/09\/12MEXI-2.jpg 1140w\" sizes=\"(max-width: 1024px) 100vw, 1024px\" \/><\/figure>\n\n\n\n<p class=\"wp-block-paragraph\">Durante la jornada, Hern\u00e1ndez Espejel visit\u00f3 tambi\u00e9n la Escuela Secundaria Oficial No. 0328 \u201cJuventino Rosas\u201d, donde dialog\u00f3 con estudiantes sobre el protocolo \u201cMochila de Paz\u201d, orientado a promover espacios escolares seguros, de respeto y sana convivencia.<br><\/p>\n\n\n\n<p class=\"wp-block-paragraph\">Asimismo, en el Jard\u00edn de Ni\u00f1os \u201cTeceltican\u201d, el Secretario de Educaci\u00f3n convivi\u00f3 con las ni\u00f1as y ni\u00f1os con motivo del regreso a las aulas y destac\u00f3 la importancia de los \u00fatiles escolares como herramientas para acompa\u00f1ar sus actividades de aprendizaje durante el nuevo ciclo.<br><\/p>\n\n\n\n<p class=\"wp-block-paragraph\">En la Preparatoria Oficial No. 45, adem\u00e1s de la entrega de equipo de c\u00f3mputo, se present\u00f3 el programa \u201cEl ABC de las Emociones\u201d, estrategia enfocada en fortalecer el desarrollo socioemocional de las y los j\u00f3venes y brindarles herramientas para afrontar de mejor manera los retos de su formaci\u00f3n.<\/p>\n","protected":false},"excerpt":{"rendered":"<p>Destac\u00f3 la entrega de 20 laptops, as\u00ed como acciones para impulsar la seguridad y el bienestar de las comunidades escolares. La Presidenta Municipal de Mexicaltzingo, Saray Ben\u00edtez Espinosa, encabez\u00f3 las actividades por el inicio del Ciclo Escolar 2026-2027, en una jornada en la que refrend\u00f3 el compromiso de su administraci\u00f3n con la educaci\u00f3n y destac\u00f3 [&hellip;]<\/p>\n","protected":false},"author":1,"featured_media":112236,"comment_status":"closed","ping_status":"closed","sticky":false,"template":"","format":"standard","meta":{"footnotes":""},"categories":[36],"tags":[],"class_list":["post-112231","post","type-post","status-publish","format-standard","has-post-thumbnail","hentry","category-edomex"],"_links":{"self":[{"href":"https:\/\/elinformante.mx\/index.php?rest_route=\/wp\/v2\/posts\/112231","targetHints":{"allow":["GET"]}}],"collection":[{"href":"https:\/\/elinformante.mx\/index.php?rest_route=\/wp\/v2\/posts"}],"about":[{"href":"https:\/\/elinformante.mx\/index.php?rest_route=\/wp\/v2\/types\/post"}],"author":[{"embeddable":true,"href":"https:\/\/elinformante.mx\/index.php?rest_route=\/wp\/v2\/users\/1"}],"replies":[{"embeddable":true,"href":"https:\/\/elinformante.mx\/index.php?rest_route=%2Fwp%2Fv2%2Fcomments&post=112231"}],"version-history":[{"count":0,"href":"https:\/\/elinformante.mx\/index.php?rest_route=\/wp\/v2\/posts\/112231\/revisions"}],"wp:featuredmedia":[{"embeddable":true,"href":"https:\/\/elinformante.mx\/index.php?rest_route=\/wp\/v2\/media\/112236"}],"wp:attachment":[{"href":"https:\/\/elinformante.mx\/index.php?rest_route=%2Fwp%2Fv2%2Fmedia&parent=112231"}],"wp:term":[{"taxonomy":"category","embeddable":true,"href":"https:\/\/elinformante.mx\/index.php?rest_route=%2Fwp%2Fv2%2Fcategories&post=112231"},{"taxonomy":"post_tag","embeddable":true,"href":"https:\/\/elinformante.mx\/index.php?rest_route=%2Fwp%2Fv2%2Ftags&post=112231"}],"curies":[{"name":"wp","href":"https:\/\/api.w.org\/{rel}","templated":true}]}}