{"id":112235,"date":"2026-09-01T04:54:10","date_gmt":"2026-09-01T10:54:10","guid":{"rendered":"https:\/\/elinformante.mx\/?p=112235"},"modified":"2026-09-01T04:54:19","modified_gmt":"2026-09-01T10:54:19","slug":"ana-muniz-fortalece-regreso-a-clases-seguro-para-estudiantes-de-san-mateo-atenco","status":"publish","type":"post","link":"https:\/\/elinformante.mx\/?p=112235","title":{"rendered":"Ana Mu\u00f1iz fortalece regreso a clases seguro para estudiantes de San Mateo Atenco"},"content":{"rendered":"\n<figure class=\"wp-block-pullquote\"><blockquote><p>La alcaldesa refrend\u00f3 el acompa\u00f1amiento del Gobierno Municipal a las comunidades educativas mediante acciones de seguridad y mejoramiento de planteles.<\/p><\/blockquote><\/figure>\n\n\n\n<p class=\"has-drop-cap wp-block-paragraph\">La Presidenta Municipal de San Mateo Atenco, Ana Mu\u00f1iz Neyra, encabez\u00f3 el inicio del Ciclo Escolar 2026-2027 en la Escuela Primaria \u201cGral. Jos\u00e9 Vicente Villada\u201d, donde dio la bienvenida a cerca de 19 mil ni\u00f1as, ni\u00f1os y j\u00f3venes que regresaron a las aulas y refrend\u00f3 el compromiso de su administraci\u00f3n con la seguridad, bienestar y formaci\u00f3n de la comunidad estudiantil.<br><\/p>\n\n\n\n<p class=\"wp-block-paragraph\">Durante la ceremonia, realizada con Honores a los S\u00edmbolos Patrios, la alcaldesa destac\u00f3 que el Gobierno Municipal mantendr\u00e1 una presencia cercana en los planteles a trav\u00e9s del programa \u201cUnidos por Nuestras Escuelas\u201d, mediante el cual cada escuela cuenta con un enlace encargado de mantener comunicaci\u00f3n directa con estudiantes, docentes, madres y padres de familia.<br><\/p>\n\n\n\n<p class=\"wp-block-paragraph\">Como parte de esta jornada, se realiz\u00f3 la entrega de \u00fatiles escolares para apoyar a las familias atenquenses en este regreso a clases. Mu\u00f1iz Neyra se\u00f1al\u00f3 que su administraci\u00f3n continuar\u00e1 impulsando acciones de mantenimiento, servicios p\u00fablicos, seguridad y mejoramiento de infraestructura educativa.<br><\/p>\n\n\n\n<p class=\"wp-block-paragraph\">En materia de prevenci\u00f3n, el programa \u201cEscuela Segura\u201d contempla acciones coordinadas entre la Direcci\u00f3n de Seguridad Humana, Orden Vial y Protecci\u00f3n Civil, adem\u00e1s de la vinculaci\u00f3n de los planteles con el Centro de Mando Municipal C4, con el prop\u00f3sito de fortalecer el monitoreo y la capacidad de respuesta ante posibles situaciones de riesgo.<br><\/p>\n\n\n\n<figure class=\"wp-block-image size-large\"><img fetchpriority=\"high\" decoding=\"async\" width=\"1024\" height=\"506\" src=\"https:\/\/elinformante.mx\/wp-content\/uploads\/2026\/09\/12MATEO-1024x506.jpg\" alt=\"\" class=\"wp-image-112241\" srcset=\"https:\/\/elinformante.mx\/wp-content\/uploads\/2026\/09\/12MATEO-1024x506.jpg 1024w, https:\/\/elinformante.mx\/wp-content\/uploads\/2026\/09\/12MATEO-300x148.jpg 300w, https:\/\/elinformante.mx\/wp-content\/uploads\/2026\/09\/12MATEO-767x379.jpg 767w, https:\/\/elinformante.mx\/wp-content\/uploads\/2026\/09\/12MATEO.jpg 1140w\" sizes=\"(max-width: 1024px) 100vw, 1024px\" \/><\/figure>\n\n\n\n<p class=\"wp-block-paragraph\">La Presidenta Municipal asegur\u00f3 que el objetivo es generar entornos adecuados para el aprendizaje y proteger a estudiantes, docentes y familias, especialmente durante los horarios de entrada y salida, cuando aumenta la movilidad en las inmediaciones de las escuelas.<br><\/p>\n\n\n\n<p class=\"wp-block-paragraph\">\u201cQuiero que sepan que cuentan conmigo y con su Gobierno Municipal, que seguiremos trabajando y cumpliendo para que tengan mejores escuelas, mayor seguridad y m\u00e1s oportunidades de desarrollo\u201d, expres\u00f3 Ana Mu\u00f1iz.<br><\/p>\n\n\n\n<p class=\"wp-block-paragraph\">Asimismo, reconoci\u00f3 el trabajo de maestras y maestros y llam\u00f3 a las y los estudiantes a aprovechar esta nueva etapa para aprender, convivir y perseguir sus sue\u00f1os.<br><\/p>\n\n\n\n<p class=\"wp-block-paragraph\">En la ceremonia participaron Lorena Ruiz Celaya, secretaria t\u00e9cnica del Consejo Estatal de Poblaci\u00f3n y representante de la Gobernadora Delfina G\u00f3mez \u00c1lvarez, y Miguel \u00c1ngel S\u00e1nchez Gonz\u00e1lez, director general del Instituto del Deporte del Estado de M\u00e9xico, adem\u00e1s de autoridades educativas, docentes y familias.<\/p>\n","protected":false},"excerpt":{"rendered":"<p>La alcaldesa refrend\u00f3 el acompa\u00f1amiento del Gobierno Municipal a las comunidades educativas mediante acciones de seguridad y mejoramiento de planteles. La Presidenta Municipal de San Mateo Atenco, Ana Mu\u00f1iz Neyra, encabez\u00f3 el inicio del Ciclo Escolar 2026-2027 en la Escuela Primaria \u201cGral. Jos\u00e9 Vicente Villada\u201d, donde dio la bienvenida a cerca de 19 mil ni\u00f1as, [&hellip;]<\/p>\n","protected":false},"author":1,"featured_media":112240,"comment_status":"closed","ping_status":"closed","sticky":false,"template":"","format":"standard","meta":{"footnotes":""},"categories":[30,36],"tags":[],"class_list":["post-112235","post","type-post","status-publish","format-standard","has-post-thumbnail","hentry","category-destacado","category-edomex"],"_links":{"self":[{"href":"https:\/\/elinformante.mx\/index.php?rest_route=\/wp\/v2\/posts\/112235","targetHints":{"allow":["GET"]}}],"collection":[{"href":"https:\/\/elinformante.mx\/index.php?rest_route=\/wp\/v2\/posts"}],"about":[{"href":"https:\/\/elinformante.mx\/index.php?rest_route=\/wp\/v2\/types\/post"}],"author":[{"embeddable":true,"href":"https:\/\/elinformante.mx\/index.php?rest_route=\/wp\/v2\/users\/1"}],"replies":[{"embeddable":true,"href":"https:\/\/elinformante.mx\/index.php?rest_route=%2Fwp%2Fv2%2Fcomments&post=112235"}],"version-history":[{"count":112242,"href":"https:\/\/elinformante.mx\/index.php?rest_route=\/wp\/v2\/posts\/112235\/revisions"}],"predecessor-version":[{"id":112242,"href":"https:\/\/elinformante.mx\/index.php?rest_route=\/wp\/v2\/posts\/112235\/revisions\/112242"}],"wp:featuredmedia":[{"embeddable":true,"href":"https:\/\/elinformante.mx\/index.php?rest_route=\/wp\/v2\/media\/112240"}],"wp:attachment":[{"href":"https:\/\/elinformante.mx\/index.php?rest_route=%2Fwp%2Fv2%2Fmedia&parent=112235"}],"wp:term":[{"taxonomy":"category","embeddable":true,"href":"https:\/\/elinformante.mx\/index.php?rest_route=%2Fwp%2Fv2%2Fcategories&post=112235"},{"taxonomy":"post_tag","embeddable":true,"href":"https:\/\/elinformante.mx\/index.php?rest_route=%2Fwp%2Fv2%2Ftags&post=112235"}],"curies":[{"name":"wp","href":"https:\/\/api.w.org\/{rel}","templated":true}]}}