{"id":112243,"date":"2026-09-01T05:00:48","date_gmt":"2026-09-01T11:00:48","guid":{"rendered":"https:\/\/elinformante.mx\/?p=112243"},"modified":"2026-09-01T05:00:52","modified_gmt":"2026-09-01T11:00:52","slug":"fernando-flores-encabeza-regreso-seguro-a-clases-para-casi-47-mil-estudiantes-en-metepec","status":"publish","type":"post","link":"https:\/\/elinformante.mx\/?p=112243","title":{"rendered":"Fernando Flores encabeza regreso seguro a clases para casi 47 mil estudiantes en Metepec"},"content":{"rendered":"\n<figure class=\"wp-block-pullquote\"><blockquote><p>El municipio report\u00f3 saldo blanco en el primer d\u00eda del Ciclo Escolar 2026-2027, con vigilancia y apoyo vial en 270 planteles educativos.<\/p><\/blockquote><\/figure>\n\n\n\n<p class=\"has-drop-cap wp-block-paragraph\">El Presidente Municipal de Metepec, Fernando Flores Fern\u00e1ndez, encabez\u00f3 el regreso a clases en el municipio, donde cerca de 47 mil 500 estudiantes retomaron actividades en el inicio del Ciclo Escolar 2026-2027, en una jornada que concluy\u00f3 con saldo blanco.<br><\/p>\n\n\n\n<p class=\"wp-block-paragraph\">Desde las primeras horas de este lunes, elementos de la Direcci\u00f3n de Seguridad P\u00fablica municipal reforzaron la vigilancia en las inmediaciones de 270 planteles educativos, as\u00ed como en vialidades y puntos de mayor concentraci\u00f3n vehicular y peatonal, con el objetivo de facilitar la movilidad y brindar mayor seguridad a estudiantes, docentes y familias.<br><\/p>\n\n\n\n<p class=\"wp-block-paragraph\">Durante la jornada no se registraron accidentes, personas extraviadas ni incidentes que pusieran en riesgo la integridad de la comunidad educativa. El operativo se concentr\u00f3 principalmente en los horarios de entrada y se mantendr\u00e1 durante los pr\u00f3ximos d\u00edas para atender el incremento en la circulaci\u00f3n vehicular y peatonal en las zonas escolares.<br><\/p>\n\n\n\n<figure class=\"wp-block-image size-large\"><img fetchpriority=\"high\" decoding=\"async\" width=\"1024\" height=\"506\" src=\"https:\/\/elinformante.mx\/wp-content\/uploads\/2026\/09\/11METEPEC-1024x506.jpg\" alt=\"\" class=\"wp-image-112248\" srcset=\"https:\/\/elinformante.mx\/wp-content\/uploads\/2026\/09\/11METEPEC-1024x506.jpg 1024w, https:\/\/elinformante.mx\/wp-content\/uploads\/2026\/09\/11METEPEC-300x148.jpg 300w, https:\/\/elinformante.mx\/wp-content\/uploads\/2026\/09\/11METEPEC-767x379.jpg 767w, https:\/\/elinformante.mx\/wp-content\/uploads\/2026\/09\/11METEPEC.jpg 1140w\" sizes=\"(max-width: 1024px) 100vw, 1024px\" \/><\/figure>\n\n\n\n<p class=\"wp-block-paragraph\">El alcalde Fernando Flores Fern\u00e1ndez tambi\u00e9n acompa\u00f1\u00f3 el inicio de actividades en el Centro de Ense\u00f1anza H\u00e1bitat, donde dio la bienvenida a las y los j\u00f3venes y los exhort\u00f3 a aprovechar esta nueva etapa de aprendizaje y oportunidades.<br><\/p>\n\n\n\n<p class=\"wp-block-paragraph\">\u201cDisfruten esta etapa, aprendan mucho y \u00e9chenle todas las ganas. Les deseo un ciclo lleno de grandes experiencias y mucho \u00e9xito\u201d, expres\u00f3.<br><\/p>\n\n\n\n<p class=\"wp-block-paragraph\">El Gobierno Municipal se\u00f1al\u00f3 que el dispositivo forma parte de su estrategia de prevenci\u00f3n y proximidad, mediante la presencia permanente de elementos de seguridad en zonas donde se registra una alta concentraci\u00f3n de estudiantes y familias.<br><\/p>\n\n\n\n<p class=\"wp-block-paragraph\">Con el inicio del nuevo ciclo escolar, la administraci\u00f3n municipal refrend\u00f3 su compromiso de mantener acciones preventivas en los entornos educativos, especialmente para proteger a ni\u00f1as, ni\u00f1os y adolescentes y contribuir a que las familias de Metepec tengan un regreso a clases ordenado y seguro.<\/p>\n","protected":false},"excerpt":{"rendered":"<p>El municipio report\u00f3 saldo blanco en el primer d\u00eda del Ciclo Escolar 2026-2027, con vigilancia y apoyo vial en 270 planteles educativos. El Presidente Municipal de Metepec, Fernando Flores Fern\u00e1ndez, encabez\u00f3 el regreso a clases en el municipio, donde cerca de 47 mil 500 estudiantes retomaron actividades en el inicio del Ciclo Escolar 2026-2027, en [&hellip;]<\/p>\n","protected":false},"author":1,"featured_media":112247,"comment_status":"closed","ping_status":"closed","sticky":false,"template":"","format":"standard","meta":{"footnotes":""},"categories":[36],"tags":[],"class_list":["post-112243","post","type-post","status-publish","format-standard","has-post-thumbnail","hentry","category-edomex"],"_links":{"self":[{"href":"https:\/\/elinformante.mx\/index.php?rest_route=\/wp\/v2\/posts\/112243","targetHints":{"allow":["GET"]}}],"collection":[{"href":"https:\/\/elinformante.mx\/index.php?rest_route=\/wp\/v2\/posts"}],"about":[{"href":"https:\/\/elinformante.mx\/index.php?rest_route=\/wp\/v2\/types\/post"}],"author":[{"embeddable":true,"href":"https:\/\/elinformante.mx\/index.php?rest_route=\/wp\/v2\/users\/1"}],"replies":[{"embeddable":true,"href":"https:\/\/elinformante.mx\/index.php?rest_route=%2Fwp%2Fv2%2Fcomments&post=112243"}],"version-history":[{"count":0,"href":"https:\/\/elinformante.mx\/index.php?rest_route=\/wp\/v2\/posts\/112243\/revisions"}],"wp:featuredmedia":[{"embeddable":true,"href":"https:\/\/elinformante.mx\/index.php?rest_route=\/wp\/v2\/media\/112247"}],"wp:attachment":[{"href":"https:\/\/elinformante.mx\/index.php?rest_route=%2Fwp%2Fv2%2Fmedia&parent=112243"}],"wp:term":[{"taxonomy":"category","embeddable":true,"href":"https:\/\/elinformante.mx\/index.php?rest_route=%2Fwp%2Fv2%2Fcategories&post=112243"},{"taxonomy":"post_tag","embeddable":true,"href":"https:\/\/elinformante.mx\/index.php?rest_route=%2Fwp%2Fv2%2Ftags&post=112243"}],"curies":[{"name":"wp","href":"https:\/\/api.w.org\/{rel}","templated":true}]}}