{"id":112253,"date":"2026-09-01T05:13:57","date_gmt":"2026-09-01T11:13:57","guid":{"rendered":"https:\/\/elinformante.mx\/?p=112253"},"modified":"2026-09-01T05:14:02","modified_gmt":"2026-09-01T11:14:02","slug":"paty-zarza-impulsa-una-uaemex-mas-participativa-y-comprometida-con-su-comunidad","status":"publish","type":"post","link":"https:\/\/elinformante.mx\/?p=112253","title":{"rendered":"Paty Zarza impulsa una UAEM\u00e9x m\u00e1s participativa y comprometida con su comunidad"},"content":{"rendered":"\n<figure class=\"wp-block-pullquote\"><blockquote><p>El Consejo Universitario tambi\u00e9n aprob\u00f3 nuevas direcciones y la protecci\u00f3n ambiental del Bordo \u201cLas Maravillas\u201d.<\/p><\/blockquote><\/figure>\n\n\n\n<p class=\"has-drop-cap wp-block-paragraph\">La rectora de la Universidad Aut\u00f3noma del Estado de M\u00e9xico (UAEM\u00e9x), Patricia Zarza Delgado, encabez\u00f3 la Sesi\u00f3n Ordinaria del H. Consejo Universitario correspondiente a agosto, en la que destac\u00f3 la participaci\u00f3n de m\u00e1s de 57 mil integrantes de la comunidad universitaria en el primer ejercicio de Presupuesto Participativo de la instituci\u00f3n.<br><\/p>\n\n\n\n<p class=\"wp-block-paragraph\">Durante la sesi\u00f3n, la secretaria de Finanzas, Miriam Sierra L\u00f3pez, inform\u00f3 que el proyecto \u201cTu Voz, tu presupuesto, tu UAEM\u00e9x\u201d registr\u00f3 57 mil 228 votos en 52 espacios acad\u00e9micos, equivalente a una participaci\u00f3n superior al 52 por ciento de la comunidad universitaria. Los proyectos con mayor respaldo estuvieron relacionados principalmente con el equipamiento de aulas, espacios comunes y \u00e1reas de convivencia.<br><\/p>\n\n\n\n<p class=\"wp-block-paragraph\">Patricia Zarza destac\u00f3 que este ejercicio representa un avance en materia de participaci\u00f3n, transparencia y corresponsabilidad, al permitir que estudiantes, docentes y trabajadores intervengan directamente en la definici\u00f3n de las prioridades para la aplicaci\u00f3n de recursos adicionales en sus espacios acad\u00e9micos.<br><\/p>\n\n\n\n<p class=\"wp-block-paragraph\">\u201cCuando escuchamos sus voces y conocemos sus prioridades, tambi\u00e9n fortalecemos la Universidad que queremos construir\u201d, se\u00f1al\u00f3 la Rectora.<br><\/p>\n\n\n\n<figure class=\"wp-block-image size-large\"><img fetchpriority=\"high\" decoding=\"async\" width=\"1024\" height=\"506\" src=\"https:\/\/elinformante.mx\/wp-content\/uploads\/2026\/09\/10UAEMEX-2-1024x506.jpg\" alt=\"\" class=\"wp-image-112258\" srcset=\"https:\/\/elinformante.mx\/wp-content\/uploads\/2026\/09\/10UAEMEX-2-1024x506.jpg 1024w, https:\/\/elinformante.mx\/wp-content\/uploads\/2026\/09\/10UAEMEX-2-300x148.jpg 300w, https:\/\/elinformante.mx\/wp-content\/uploads\/2026\/09\/10UAEMEX-2-767x379.jpg 767w, https:\/\/elinformante.mx\/wp-content\/uploads\/2026\/09\/10UAEMEX-2.jpg 1140w\" sizes=\"(max-width: 1024px) 100vw, 1024px\" \/><\/figure>\n\n\n\n<p class=\"wp-block-paragraph\">Como parte de los acuerdos de la sesi\u00f3n, el Consejo Universitario aprob\u00f3 la propuesta para declarar como \u00c1rea Natural Protegida, bajo la categor\u00eda de \u201cSantuario del Agua\u201d, al Bordo \u201cLas Maravillas\u201d, ubicado en el Campus El Cerrillo. La medida busca contribuir a la conservaci\u00f3n de este humedal, fortalecer la investigaci\u00f3n y promover actividades de educaci\u00f3n ambiental.<br><\/p>\n\n\n\n<p class=\"wp-block-paragraph\">Asimismo, fueron designados Dulce Karina Mendieta D\u00edaz como directora de la Facultad de Contadur\u00eda y Administraci\u00f3n; Patricia Flores Olvera, de la Facultad de Geograf\u00eda, y Giorgio Mackenzie Cruz Mart\u00ednez, de la Facultad de Ingenier\u00eda, tras los respectivos procesos de consulta y elecci\u00f3n.<br><\/p>\n\n\n\n<p class=\"wp-block-paragraph\">Durante la sesi\u00f3n tambi\u00e9n rindieron protesta nuevas consejeras y consejeros representantes de las comunidades estudiantiles de las facultades de Artes y Medicina, as\u00ed como del Plantel \u201cIsidro Fabela Alfaro\u201d de la Escuela Preparatoria.<br><\/p>\n\n\n\n<p class=\"wp-block-paragraph\">En materia acad\u00e9mica, el m\u00e1ximo \u00f3rgano de gobierno universitario aprob\u00f3 la creaci\u00f3n del Diplomado Superior en Intervenci\u00f3n Psicosocial en Contextos de Violencia, adem\u00e1s de modificaciones y reestructuraciones a programas de estudios avanzados, entre ellos los doctorados en Estudios para el Desarrollo Humano y Derecho Parlamentario, as\u00ed como una adenda al Diplomado Superior en Tanatolog\u00eda.<br><\/p>\n\n\n\n<p class=\"wp-block-paragraph\">Con estos acuerdos, la UAEM\u00e9x fortalece una visi\u00f3n institucional basada en la participaci\u00f3n de su comunidad, la innovaci\u00f3n acad\u00e9mica, la conservaci\u00f3n ambiental y la atenci\u00f3n a las necesidades de sus espacios universitarios.<\/p>\n","protected":false},"excerpt":{"rendered":"<p>El Consejo Universitario tambi\u00e9n aprob\u00f3 nuevas direcciones y la protecci\u00f3n ambiental del Bordo \u201cLas Maravillas\u201d. La rectora de la Universidad Aut\u00f3noma del Estado de M\u00e9xico (UAEM\u00e9x), Patricia Zarza Delgado, encabez\u00f3 la Sesi\u00f3n Ordinaria del H. Consejo Universitario correspondiente a agosto, en la que destac\u00f3 la participaci\u00f3n de m\u00e1s de 57 mil integrantes de la comunidad [&hellip;]<\/p>\n","protected":false},"author":1,"featured_media":112257,"comment_status":"closed","ping_status":"closed","sticky":false,"template":"","format":"standard","meta":{"footnotes":""},"categories":[30,36],"tags":[],"class_list":["post-112253","post","type-post","status-publish","format-standard","has-post-thumbnail","hentry","category-destacado","category-edomex"],"_links":{"self":[{"href":"https:\/\/elinformante.mx\/index.php?rest_route=\/wp\/v2\/posts\/112253","targetHints":{"allow":["GET"]}}],"collection":[{"href":"https:\/\/elinformante.mx\/index.php?rest_route=\/wp\/v2\/posts"}],"about":[{"href":"https:\/\/elinformante.mx\/index.php?rest_route=\/wp\/v2\/types\/post"}],"author":[{"embeddable":true,"href":"https:\/\/elinformante.mx\/index.php?rest_route=\/wp\/v2\/users\/1"}],"replies":[{"embeddable":true,"href":"https:\/\/elinformante.mx\/index.php?rest_route=%2Fwp%2Fv2%2Fcomments&post=112253"}],"version-history":[{"count":112259,"href":"https:\/\/elinformante.mx\/index.php?rest_route=\/wp\/v2\/posts\/112253\/revisions"}],"predecessor-version":[{"id":112259,"href":"https:\/\/elinformante.mx\/index.php?rest_route=\/wp\/v2\/posts\/112253\/revisions\/112259"}],"wp:featuredmedia":[{"embeddable":true,"href":"https:\/\/elinformante.mx\/index.php?rest_route=\/wp\/v2\/media\/112257"}],"wp:attachment":[{"href":"https:\/\/elinformante.mx\/index.php?rest_route=%2Fwp%2Fv2%2Fmedia&parent=112253"}],"wp:term":[{"taxonomy":"category","embeddable":true,"href":"https:\/\/elinformante.mx\/index.php?rest_route=%2Fwp%2Fv2%2Fcategories&post=112253"},{"taxonomy":"post_tag","embeddable":true,"href":"https:\/\/elinformante.mx\/index.php?rest_route=%2Fwp%2Fv2%2Ftags&post=112253"}],"curies":[{"name":"wp","href":"https:\/\/api.w.org\/{rel}","templated":true}]}}