{"id":112256,"date":"2026-09-01T05:16:48","date_gmt":"2026-09-01T11:16:48","guid":{"rendered":"https:\/\/elinformante.mx\/?p=112256"},"modified":"2026-09-01T05:16:51","modified_gmt":"2026-09-01T11:16:51","slug":"gem-acerca-justicia-gratuita-para-regularizar-la-identidad-de-las-personas","status":"publish","type":"post","link":"https:\/\/elinformante.mx\/?p=112256","title":{"rendered":"GEM acerca justicia gratuita para regularizar la identidad de las personas"},"content":{"rendered":"\n<figure class=\"wp-block-pullquote\"><blockquote><p>Las Caravanas por la Justicia Social ofrecen un procedimiento judicial sin costo para quienes han utilizado distintos nombres o apellidos y requieren certeza jur\u00eddica.<\/p><\/blockquote><\/figure>\n\n\n\n<p class=\"has-drop-cap wp-block-paragraph\">El Gobierno del Estado de M\u00e9xico, encabezado por la gobernadora Delfina G\u00f3mez \u00c1lvarez, brinda a trav\u00e9s de las Caravanas Itinerantes por la Justicia Social, y en coordinaci\u00f3n con el Poder Judicial estatal, el Procedimiento Judicial no Contencioso de Identidad de Persona, dirigido a quienes han utilizado diferentes nombres o apellidos a lo largo de su vida.<br><\/p>\n\n\n\n<p class=\"wp-block-paragraph\">Este tr\u00e1mite permite acreditar legalmente que los distintos nombres corresponden a una misma persona, lo que facilita la obtenci\u00f3n y regularizaci\u00f3n de documentos oficiales como la CURP y la credencial para votar, adem\u00e1s de brindar certeza jur\u00eddica en procesos relacionados con la propiedad y la herencia de bienes.<br><\/p>\n\n\n\n<p class=\"wp-block-paragraph\">Uno de los casos atendidos corresponde a \u00c1ngela Armeaga Fr\u00edas, de 83 a\u00f1os, quien explic\u00f3 que durante distintas etapas de su vida utiliz\u00f3 nombres y apellidos diferentes debido a la documentaci\u00f3n con la que contaba, como su fe de bautismo y posteriormente el apellido de su esposo.<br><\/p>\n\n\n\n<p class=\"wp-block-paragraph\">Marco Antonio Vergara D\u00edaz, adscrito al Juzgado Primero Familiar del Distrito Judicial de Ecatepec, explic\u00f3 que mediante este procedimiento se puede establecer judicialmente que los diferentes nombres utilizados corresponden a una misma persona.<br><\/p>\n\n\n\n<p class=\"wp-block-paragraph\">\u00c1ngela acudi\u00f3 a las Caravanas con el prop\u00f3sito de regularizar su identidad y obtener certeza jur\u00eddica para sus nueve hijos, particularmente para garantizar que una propiedad pueda ser heredada conforme a la legislaci\u00f3n vigente.<br><\/p>\n\n\n\n<p class=\"wp-block-paragraph\">La beneficiaria destac\u00f3 que el acceso gratuito al procedimiento representa un importante respaldo para las personas que no cuentan con recursos suficientes para realizar este tipo de tr\u00e1mites.<br><\/p>\n\n\n\n<p class=\"wp-block-paragraph\">Como parte de El Poder de Servir, las Caravanas Itinerantes por la Justicia Social estar\u00e1n esta semana en Tenango del Valle, Huehuetoca y Coacalco, donde ofrecer\u00e1n m\u00e1s de 125 tr\u00e1mites y servicios gratuitos o a bajo costo.<br><\/p>\n\n\n\n<p class=\"wp-block-paragraph\">Las personas interesadas pueden consultar el calendario y las sedes de las jornadas en el portal oficial de las Caravanas por la Justicia Social.<\/p>\n","protected":false},"excerpt":{"rendered":"<p>Las Caravanas por la Justicia Social ofrecen un procedimiento judicial sin costo para quienes han utilizado distintos nombres o apellidos y requieren certeza jur\u00eddica. El Gobierno del Estado de M\u00e9xico, encabezado por la gobernadora Delfina G\u00f3mez \u00c1lvarez, brinda a trav\u00e9s de las Caravanas Itinerantes por la Justicia Social, y en coordinaci\u00f3n con el Poder Judicial [&hellip;]<\/p>\n","protected":false},"author":1,"featured_media":112261,"comment_status":"closed","ping_status":"closed","sticky":false,"template":"","format":"standard","meta":{"footnotes":""},"categories":[36],"tags":[],"class_list":["post-112256","post","type-post","status-publish","format-standard","has-post-thumbnail","hentry","category-edomex"],"_links":{"self":[{"href":"https:\/\/elinformante.mx\/index.php?rest_route=\/wp\/v2\/posts\/112256","targetHints":{"allow":["GET"]}}],"collection":[{"href":"https:\/\/elinformante.mx\/index.php?rest_route=\/wp\/v2\/posts"}],"about":[{"href":"https:\/\/elinformante.mx\/index.php?rest_route=\/wp\/v2\/types\/post"}],"author":[{"embeddable":true,"href":"https:\/\/elinformante.mx\/index.php?rest_route=\/wp\/v2\/users\/1"}],"replies":[{"embeddable":true,"href":"https:\/\/elinformante.mx\/index.php?rest_route=%2Fwp%2Fv2%2Fcomments&post=112256"}],"version-history":[{"count":0,"href":"https:\/\/elinformante.mx\/index.php?rest_route=\/wp\/v2\/posts\/112256\/revisions"}],"wp:featuredmedia":[{"embeddable":true,"href":"https:\/\/elinformante.mx\/index.php?rest_route=\/wp\/v2\/media\/112261"}],"wp:attachment":[{"href":"https:\/\/elinformante.mx\/index.php?rest_route=%2Fwp%2Fv2%2Fmedia&parent=112256"}],"wp:term":[{"taxonomy":"category","embeddable":true,"href":"https:\/\/elinformante.mx\/index.php?rest_route=%2Fwp%2Fv2%2Fcategories&post=112256"},{"taxonomy":"post_tag","embeddable":true,"href":"https:\/\/elinformante.mx\/index.php?rest_route=%2Fwp%2Fv2%2Ftags&post=112256"}],"curies":[{"name":"wp","href":"https:\/\/api.w.org\/{rel}","templated":true}]}}