{"id":112260,"date":"2026-09-01T05:17:55","date_gmt":"2026-09-01T11:17:55","guid":{"rendered":"https:\/\/elinformante.mx\/?p=112260"},"modified":"2026-09-01T05:18:00","modified_gmt":"2026-09-01T11:18:00","slug":"acerca-gem-vasectomias-gratuitas-a-hombres-de-amatepec-villa-guerrero-y-tepotzotlan","status":"publish","type":"post","link":"https:\/\/elinformante.mx\/?p=112260","title":{"rendered":"Acerca GEM vasectom\u00edas gratuitas a hombres de Amatepec, Villa Guerrero y Tepotzotl\u00e1n"},"content":{"rendered":"\n<figure class=\"wp-block-pullquote\"><blockquote><p>Las jornadas de vasectom\u00eda sin bistur\u00ed se realizar\u00e1n los d\u00edas 4, 9 y 11 de septiembre.<\/p><\/blockquote><\/figure>\n\n\n\n<p class=\"has-drop-cap wp-block-paragraph\">Con el prop\u00f3sito de fortalecer la planificaci\u00f3n familiar y la paternidad responsable, el Gobierno del Estado de M\u00e9xico, encabezado por la gobernadora Delfina G\u00f3mez \u00c1lvarez, contin\u00faa con las jornadas gratuitas de vasectom\u00eda sin bistur\u00ed, que en lo que va del a\u00f1o han beneficiado a 2 mil 797 hombres.<br><\/p>\n\n\n\n<p class=\"wp-block-paragraph\">A trav\u00e9s de la Secretar\u00eda de Salud estatal, se llevar\u00e1n a cabo nuevas jornadas durante septiembre en Amatepec, Villa Guerrero y Tepotzotl\u00e1n, con el objetivo de acercar este servicio a hombres que hayan decidido no tener hijos o que ya hayan cumplido su meta familiar.<br><\/p>\n\n\n\n<p class=\"wp-block-paragraph\">Las jornadas se realizar\u00e1n en las siguientes fechas y sedes:<br><\/p>\n\n\n\n<p class=\"wp-block-paragraph\">4 y 11 de septiembre: CEAPS Tepotzotl\u00e1n \u201cNicol\u00e1s Bravo\u201d, ubicado en Avenida Benito Ju\u00e1rez No. 34, Barrio Tlacateco.<br><\/p>\n\n\n\n<p class=\"wp-block-paragraph\">9 de septiembre: CEAPS Amatepec, en Calle Ignacio Allende No. 2.<br><\/p>\n\n\n\n<p class=\"wp-block-paragraph\">11 de septiembre: Hospital Municipal Bicentenario \u201cHermenegildo Galeana\u201d, ubicado en Calle Independencia, Barrio San Miguelito, Villa Guerrero.<br><\/p>\n\n\n\n<p class=\"wp-block-paragraph\">La Secretaria de Salud del Estado de M\u00e9xico, Celina Casta\u00f1eda de la Lanza, destac\u00f3 que la vasectom\u00eda sin bistur\u00ed es un procedimiento ambulatorio, seguro y sencillo, que no afecta la vida sexual de los hombres y constituye una alternativa permanente para quienes han decidido concluir su etapa reproductiva.<br><\/p>\n\n\n\n<p class=\"wp-block-paragraph\">Para participar, los interesados deber\u00e1n acudir aseados, con el \u00e1rea testicular rasurada y ropa interior ajustada, adem\u00e1s de presentarse acompa\u00f1ados de un familiar y entregar dos copias de su identificaci\u00f3n oficial vigente y de la CURP.<br><\/p>\n\n\n\n<p class=\"wp-block-paragraph\">La Secretar\u00eda de Salud inform\u00f3 que tambi\u00e9n habr\u00e1 jornadas los d\u00edas 18, 25 y 28 de septiembre, por lo que invit\u00f3 a la poblaci\u00f3n masculina a consultar los canales oficiales de Salud.Edom\u00e9x en Facebook y @SaludEdomex en X para conocer horarios, sedes y requisitos.<br><\/p>\n\n\n\n<p class=\"wp-block-paragraph\">Con estas acciones, el Gobierno del Estado de M\u00e9xico mantiene una estrategia permanente para acercar servicios de salud reproductiva y promover decisiones informadas en materia de planificaci\u00f3n familiar.<\/p>\n","protected":false},"excerpt":{"rendered":"<p>Las jornadas de vasectom\u00eda sin bistur\u00ed se realizar\u00e1n los d\u00edas 4, 9 y 11 de septiembre. Con el prop\u00f3sito de fortalecer la planificaci\u00f3n familiar y la paternidad responsable, el Gobierno del Estado de M\u00e9xico, encabezado por la gobernadora Delfina G\u00f3mez \u00c1lvarez, contin\u00faa con las jornadas gratuitas de vasectom\u00eda sin bistur\u00ed, que en lo que va [&hellip;]<\/p>\n","protected":false},"author":1,"featured_media":112264,"comment_status":"closed","ping_status":"closed","sticky":false,"template":"","format":"standard","meta":{"footnotes":""},"categories":[30,36],"tags":[],"class_list":["post-112260","post","type-post","status-publish","format-standard","has-post-thumbnail","hentry","category-destacado","category-edomex"],"_links":{"self":[{"href":"https:\/\/elinformante.mx\/index.php?rest_route=\/wp\/v2\/posts\/112260","targetHints":{"allow":["GET"]}}],"collection":[{"href":"https:\/\/elinformante.mx\/index.php?rest_route=\/wp\/v2\/posts"}],"about":[{"href":"https:\/\/elinformante.mx\/index.php?rest_route=\/wp\/v2\/types\/post"}],"author":[{"embeddable":true,"href":"https:\/\/elinformante.mx\/index.php?rest_route=\/wp\/v2\/users\/1"}],"replies":[{"embeddable":true,"href":"https:\/\/elinformante.mx\/index.php?rest_route=%2Fwp%2Fv2%2Fcomments&post=112260"}],"version-history":[{"count":112265,"href":"https:\/\/elinformante.mx\/index.php?rest_route=\/wp\/v2\/posts\/112260\/revisions"}],"predecessor-version":[{"id":112265,"href":"https:\/\/elinformante.mx\/index.php?rest_route=\/wp\/v2\/posts\/112260\/revisions\/112265"}],"wp:featuredmedia":[{"embeddable":true,"href":"https:\/\/elinformante.mx\/index.php?rest_route=\/wp\/v2\/media\/112264"}],"wp:attachment":[{"href":"https:\/\/elinformante.mx\/index.php?rest_route=%2Fwp%2Fv2%2Fmedia&parent=112260"}],"wp:term":[{"taxonomy":"category","embeddable":true,"href":"https:\/\/elinformante.mx\/index.php?rest_route=%2Fwp%2Fv2%2Fcategories&post=112260"},{"taxonomy":"post_tag","embeddable":true,"href":"https:\/\/elinformante.mx\/index.php?rest_route=%2Fwp%2Fv2%2Ftags&post=112260"}],"curies":[{"name":"wp","href":"https:\/\/api.w.org\/{rel}","templated":true}]}}