{"id":112269,"date":"2026-09-01T05:27:01","date_gmt":"2026-09-01T11:27:01","guid":{"rendered":"https:\/\/elinformante.mx\/?p=112269"},"modified":"2026-09-01T05:27:06","modified_gmt":"2026-09-01T11:27:06","slug":"blindan-regreso-a-clases-en-benito-juarez-con-operativo-de-seguridad-y-movilidad","status":"publish","type":"post","link":"https:\/\/elinformante.mx\/?p=112269","title":{"rendered":"Blindan regreso a clases en Benito Ju\u00e1rez con operativo de seguridad y movilidad"},"content":{"rendered":"\n<figure class=\"wp-block-pullquote\"><blockquote><p>M\u00e1s de 300 elementos y 54 patrullas participaron en el dispositivo \u201cRegreso a Clases Seguro con Blindar BJ360\u00b0\u201d.<\/p><\/blockquote><\/figure>\n\n\n\n<p class=\"has-drop-cap wp-block-paragraph\">La alcald\u00eda Benito Ju\u00e1rez implement\u00f3 el operativo \u201cRegreso a Clases Seguro con Blindar BJ360\u00b0\u201d, con el objetivo de garantizar un inicio ordenado y seguro del ciclo escolar 2026-2027 para m\u00e1s de 45 mil estudiantes, madres y padres de familia, docentes y integrantes de la comunidad educativa.<br><\/p>\n\n\n\n<p class=\"wp-block-paragraph\">El alcalde Luis Mendoza acudi\u00f3 a la Escuela Secundaria Diurna N\u00famero 38 \u201cJosefa Ortiz de Dom\u00ednguez\u201d, donde encabez\u00f3 el arranque de las actividades escolares y refrend\u00f3 el compromiso de su administraci\u00f3n para fortalecer la seguridad en los alrededores de los planteles.<br><\/p>\n\n\n\n<p class=\"wp-block-paragraph\">El dispositivo cont\u00f3 con la participaci\u00f3n de m\u00e1s de 300 elementos de Blindar BJ360\u00b0 y 54 patrullas, que realizaron recorridos de vigilancia preventiva, acciones de movilidad, protecci\u00f3n civil y atenci\u00f3n a emergencias en distintos puntos de la demarcaci\u00f3n.<br><\/p>\n\n\n\n<p class=\"wp-block-paragraph\">Mendoza destac\u00f3 que el objetivo principal es que las y los estudiantes puedan trasladarse de manera segura entre sus hogares y las escuelas, al tiempo que se brinda tranquilidad a las familias durante el regreso a las actividades acad\u00e9micas.<br><\/p>\n\n\n\n<p class=\"wp-block-paragraph\">\u201cLo m\u00e1s importante es la seguridad de las familias, ni\u00f1os, j\u00f3venes y todas las personas que salen a la calle en Benito Ju\u00e1rez\u201d, se\u00f1al\u00f3 el alcalde.<br><\/p>\n\n\n\n<p class=\"wp-block-paragraph\">La demarcaci\u00f3n cuenta con 650 escuelas p\u00fablicas y privadas, de las cuales 493 corresponden a educaci\u00f3n b\u00e1sica, por lo que el gobierno local reforz\u00f3 la presencia de sus cuerpos de seguridad y servicios durante el regreso a clases.<br><\/p>\n\n\n\n<p class=\"wp-block-paragraph\">Luis Mendoza afirm\u00f3 que se mantendr\u00e1n las acciones preventivas para favorecer entornos escolares seguros y contribuir a que estudiantes, docentes y familias desarrollen sus actividades cotidianas con mayor tranquilidad.<\/p>\n","protected":false},"excerpt":{"rendered":"<p>M\u00e1s de 300 elementos y 54 patrullas participaron en el dispositivo \u201cRegreso a Clases Seguro con Blindar BJ360\u00b0\u201d. La alcald\u00eda Benito Ju\u00e1rez implement\u00f3 el operativo \u201cRegreso a Clases Seguro con Blindar BJ360\u00b0\u201d, con el objetivo de garantizar un inicio ordenado y seguro del ciclo escolar 2026-2027 para m\u00e1s de 45 mil estudiantes, madres y padres [&hellip;]<\/p>\n","protected":false},"author":1,"featured_media":112277,"comment_status":"closed","ping_status":"closed","sticky":false,"template":"","format":"standard","meta":{"footnotes":""},"categories":[35],"tags":[],"class_list":["post-112269","post","type-post","status-publish","format-standard","has-post-thumbnail","hentry","category-cdmx"],"_links":{"self":[{"href":"https:\/\/elinformante.mx\/index.php?rest_route=\/wp\/v2\/posts\/112269","targetHints":{"allow":["GET"]}}],"collection":[{"href":"https:\/\/elinformante.mx\/index.php?rest_route=\/wp\/v2\/posts"}],"about":[{"href":"https:\/\/elinformante.mx\/index.php?rest_route=\/wp\/v2\/types\/post"}],"author":[{"embeddable":true,"href":"https:\/\/elinformante.mx\/index.php?rest_route=\/wp\/v2\/users\/1"}],"replies":[{"embeddable":true,"href":"https:\/\/elinformante.mx\/index.php?rest_route=%2Fwp%2Fv2%2Fcomments&post=112269"}],"version-history":[{"count":112278,"href":"https:\/\/elinformante.mx\/index.php?rest_route=\/wp\/v2\/posts\/112269\/revisions"}],"predecessor-version":[{"id":112278,"href":"https:\/\/elinformante.mx\/index.php?rest_route=\/wp\/v2\/posts\/112269\/revisions\/112278"}],"wp:featuredmedia":[{"embeddable":true,"href":"https:\/\/elinformante.mx\/index.php?rest_route=\/wp\/v2\/media\/112277"}],"wp:attachment":[{"href":"https:\/\/elinformante.mx\/index.php?rest_route=%2Fwp%2Fv2%2Fmedia&parent=112269"}],"wp:term":[{"taxonomy":"category","embeddable":true,"href":"https:\/\/elinformante.mx\/index.php?rest_route=%2Fwp%2Fv2%2Fcategories&post=112269"},{"taxonomy":"post_tag","embeddable":true,"href":"https:\/\/elinformante.mx\/index.php?rest_route=%2Fwp%2Fv2%2Ftags&post=112269"}],"curies":[{"name":"wp","href":"https:\/\/api.w.org\/{rel}","templated":true}]}}