{"id":112279,"date":"2026-09-01T05:29:17","date_gmt":"2026-09-01T11:29:17","guid":{"rendered":"https:\/\/elinformante.mx\/?p=112279"},"modified":"2026-09-01T05:29:25","modified_gmt":"2026-09-01T11:29:25","slug":"cdmx-prepara-romeria-de-fiestas-patrias-preven-autorizar-245-permisos","status":"publish","type":"post","link":"https:\/\/elinformante.mx\/?p=112279","title":{"rendered":"CDMX prepara Romer\u00eda de Fiestas Patrias; prev\u00e9n autorizar 245 permisos"},"content":{"rendered":"\n<figure class=\"wp-block-pullquote\"><blockquote><p>El Gobierno capitalino alista la instalaci\u00f3n ordenada de puestos para la venta de art\u00edculos alusivos a las celebraciones patrias.<\/p><\/blockquote><\/figure>\n\n\n\n<p class=\"has-drop-cap wp-block-paragraph\">El Gobierno de la Ciudad de M\u00e9xico prev\u00e9 otorgar 245 permisos para la Romer\u00eda de Fiestas Patrias, que se llevar\u00e1 a cabo del 2 al 15 de septiembre con la venta de art\u00edculos alusivos a las celebraciones patrias.<br><\/p>\n\n\n\n<p class=\"wp-block-paragraph\">El secretario de Gobierno, C\u00e9sar Cravioto Romero, inform\u00f3 que la actividad se encuentra contemplada en la Gaceta Oficial de la Ciudad de M\u00e9xico desde 2023 y forma parte de las actividades que acompa\u00f1an las celebraciones del mes patrio.<br><\/p>\n\n\n\n<p class=\"wp-block-paragraph\">Para la edici\u00f3n de este a\u00f1o se recibieron 317 solicitudes de personas interesadas en participar, mismas que se encuentran en proceso de revisi\u00f3n para verificar el cumplimiento de los requisitos establecidos por las autoridades.<br><\/p>\n\n\n\n<p class=\"wp-block-paragraph\">Cravioto Romero detall\u00f3 que, una vez concluida la evaluaci\u00f3n, la lista definitiva de permisos autorizados se dar\u00e1 a conocer entre la tarde de este lunes y el martes.<br><\/p>\n\n\n\n<p class=\"wp-block-paragraph\">Entre los productos que podr\u00e1n comercializarse se encuentran banderas, banderines, pendones, trompetas, bigotes, matracas y sombreros, entre otros art\u00edculos relacionados con las Fiestas Patrias.<br><\/p>\n\n\n\n<p class=\"wp-block-paragraph\">El Gobierno capitalino se\u00f1al\u00f3 que trabaja en la organizaci\u00f3n de la Romer\u00eda para garantizar que la instalaci\u00f3n y operaci\u00f3n de los puntos de venta se realice de manera ordenada durante el periodo autorizado y en el marco de las actividades conmemorativas de septiembre.<\/p>\n","protected":false},"excerpt":{"rendered":"<p>El Gobierno capitalino alista la instalaci\u00f3n ordenada de puestos para la venta de art\u00edculos alusivos a las celebraciones patrias. El Gobierno de la Ciudad de M\u00e9xico prev\u00e9 otorgar 245 permisos para la Romer\u00eda de Fiestas Patrias, que se llevar\u00e1 a cabo del 2 al 15 de septiembre con la venta de art\u00edculos alusivos a las [&hellip;]<\/p>\n","protected":false},"author":1,"featured_media":112283,"comment_status":"closed","ping_status":"closed","sticky":false,"template":"","format":"standard","meta":{"footnotes":""},"categories":[35],"tags":[],"class_list":["post-112279","post","type-post","status-publish","format-standard","has-post-thumbnail","hentry","category-cdmx"],"_links":{"self":[{"href":"https:\/\/elinformante.mx\/index.php?rest_route=\/wp\/v2\/posts\/112279","targetHints":{"allow":["GET"]}}],"collection":[{"href":"https:\/\/elinformante.mx\/index.php?rest_route=\/wp\/v2\/posts"}],"about":[{"href":"https:\/\/elinformante.mx\/index.php?rest_route=\/wp\/v2\/types\/post"}],"author":[{"embeddable":true,"href":"https:\/\/elinformante.mx\/index.php?rest_route=\/wp\/v2\/users\/1"}],"replies":[{"embeddable":true,"href":"https:\/\/elinformante.mx\/index.php?rest_route=%2Fwp%2Fv2%2Fcomments&post=112279"}],"version-history":[{"count":112284,"href":"https:\/\/elinformante.mx\/index.php?rest_route=\/wp\/v2\/posts\/112279\/revisions"}],"predecessor-version":[{"id":112284,"href":"https:\/\/elinformante.mx\/index.php?rest_route=\/wp\/v2\/posts\/112279\/revisions\/112284"}],"wp:featuredmedia":[{"embeddable":true,"href":"https:\/\/elinformante.mx\/index.php?rest_route=\/wp\/v2\/media\/112283"}],"wp:attachment":[{"href":"https:\/\/elinformante.mx\/index.php?rest_route=%2Fwp%2Fv2%2Fmedia&parent=112279"}],"wp:term":[{"taxonomy":"category","embeddable":true,"href":"https:\/\/elinformante.mx\/index.php?rest_route=%2Fwp%2Fv2%2Fcategories&post=112279"},{"taxonomy":"post_tag","embeddable":true,"href":"https:\/\/elinformante.mx\/index.php?rest_route=%2Fwp%2Fv2%2Ftags&post=112279"}],"curies":[{"name":"wp","href":"https:\/\/api.w.org\/{rel}","templated":true}]}}