{"id":112301,"date":"2026-09-01T05:41:03","date_gmt":"2026-09-01T11:41:03","guid":{"rendered":"https:\/\/elinformante.mx\/?p=112301"},"modified":"2026-09-01T05:41:12","modified_gmt":"2026-09-01T11:41:12","slug":"28-millones-de-estudiantes-arrancaron-ciclo-escolar-2026-2027-mario-delgado","status":"publish","type":"post","link":"https:\/\/elinformante.mx\/?p=112301","title":{"rendered":"28 millones de estudiantes arrancaron ciclo escolar 2026-2027: Mario Delgado"},"content":{"rendered":"\n<figure class=\"wp-block-pullquote\"><blockquote><p>Los estudiantes regresan a las aulas con apoyos econ\u00f3micos garantizados, mientras la SEP impulsa acciones para fortalecer la salud mental y regular el uso de dispositivos digitales.<\/p><\/blockquote><\/figure>\n\n\n\n<p class=\"has-drop-cap wp-block-paragraph\">El ciclo escolar 2026-2027 inici\u00f3 con una cobertura universal de becas para estudiantes de Educaci\u00f3n B\u00e1sica y Media Superior, inform\u00f3 el secretario de Educaci\u00f3n P\u00fablica, Mario Delgado Carrillo, durante la conferencia matutina encabezada por la presidenta Claudia Sheinbaum Pardo.<br><\/p>\n\n\n\n<p class=\"wp-block-paragraph\">Desde la Escuela Secundaria T\u00e9cnica No. 10 \u201cArtes Gr\u00e1ficas\u201d, en la Ciudad de M\u00e9xico, el titular de la SEP destac\u00f3 que m\u00e1s de 28 millones de alumnas y alumnos regresaron a clases en m\u00e1s de 250 mil escuelas de todo el pa\u00eds, acompa\u00f1ados por alrededor de 1.6 millones de maestras y maestros.<br><\/p>\n\n\n\n<p class=\"wp-block-paragraph\">Delgado Carrillo se\u00f1al\u00f3 que este es el primer ciclo escolar en el que se alcanza la cobertura universal de becas, con la incorporaci\u00f3n de estudiantes de primaria y secundaria a la Beca Rita Cetina, mientras que las y los j\u00f3venes de Educaci\u00f3n Media Superior contin\u00faan recibiendo su apoyo econ\u00f3mico.<br><\/p>\n\n\n\n<p class=\"wp-block-paragraph\">Como parte del inicio del ciclo escolar, tambi\u00e9n arranc\u00f3 la estrategia nacional \u201cEl ABC de las Emociones\u201d, dirigida a adolescentes y j\u00f3venes de entre 14 y 18 a\u00f1os, con el prop\u00f3sito de fortalecer su bienestar socioemocional desde la comunidad educativa.<br><\/p>\n\n\n\n<p class=\"wp-block-paragraph\">La estrategia contempla una hora semanal de actividades socioemocionales, as\u00ed como la distribuci\u00f3n de 16 millones de gu\u00edas para estudiantes, docentes, madres, padres y personas cuidadoras. Tambi\u00e9n se realizar\u00e1n asambleas informativas, pl\u00e1ticas interactivas y actividades con brigadas de salud y servidores p\u00fablicos.<br><\/p>\n\n\n\n<p class=\"wp-block-paragraph\">La subsecretaria de Educaci\u00f3n Media Superior, Tania Rodr\u00edguez Mora, explic\u00f3 que el programa tiene un enfoque preventivo y comunitario, orientado a fortalecer la comunicaci\u00f3n y los v\u00ednculos entre estudiantes, familias y personal educativo.<\/p>\n","protected":false},"excerpt":{"rendered":"<p>Los estudiantes regresan a las aulas con apoyos econ\u00f3micos garantizados, mientras la SEP impulsa acciones para fortalecer la salud mental y regular el uso de dispositivos digitales. El ciclo escolar 2026-2027 inici\u00f3 con una cobertura universal de becas para estudiantes de Educaci\u00f3n B\u00e1sica y Media Superior, inform\u00f3 el secretario de Educaci\u00f3n P\u00fablica, Mario Delgado Carrillo, [&hellip;]<\/p>\n","protected":false},"author":1,"featured_media":112305,"comment_status":"closed","ping_status":"closed","sticky":false,"template":"","format":"standard","meta":{"footnotes":""},"categories":[30,34,31],"tags":[],"class_list":["post-112301","post","type-post","status-publish","format-standard","has-post-thumbnail","hentry","category-destacado","category-nacional","category-portada"],"_links":{"self":[{"href":"https:\/\/elinformante.mx\/index.php?rest_route=\/wp\/v2\/posts\/112301","targetHints":{"allow":["GET"]}}],"collection":[{"href":"https:\/\/elinformante.mx\/index.php?rest_route=\/wp\/v2\/posts"}],"about":[{"href":"https:\/\/elinformante.mx\/index.php?rest_route=\/wp\/v2\/types\/post"}],"author":[{"embeddable":true,"href":"https:\/\/elinformante.mx\/index.php?rest_route=\/wp\/v2\/users\/1"}],"replies":[{"embeddable":true,"href":"https:\/\/elinformante.mx\/index.php?rest_route=%2Fwp%2Fv2%2Fcomments&post=112301"}],"version-history":[{"count":112306,"href":"https:\/\/elinformante.mx\/index.php?rest_route=\/wp\/v2\/posts\/112301\/revisions"}],"predecessor-version":[{"id":112306,"href":"https:\/\/elinformante.mx\/index.php?rest_route=\/wp\/v2\/posts\/112301\/revisions\/112306"}],"wp:featuredmedia":[{"embeddable":true,"href":"https:\/\/elinformante.mx\/index.php?rest_route=\/wp\/v2\/media\/112305"}],"wp:attachment":[{"href":"https:\/\/elinformante.mx\/index.php?rest_route=%2Fwp%2Fv2%2Fmedia&parent=112301"}],"wp:term":[{"taxonomy":"category","embeddable":true,"href":"https:\/\/elinformante.mx\/index.php?rest_route=%2Fwp%2Fv2%2Fcategories&post=112301"},{"taxonomy":"post_tag","embeddable":true,"href":"https:\/\/elinformante.mx\/index.php?rest_route=%2Fwp%2Fv2%2Ftags&post=112301"}],"curies":[{"name":"wp","href":"https:\/\/api.w.org\/{rel}","templated":true}]}}