{"id":112304,"date":"2026-09-01T05:46:19","date_gmt":"2026-09-01T11:46:19","guid":{"rendered":"https:\/\/elinformante.mx\/?p=112304"},"modified":"2026-09-01T05:46:26","modified_gmt":"2026-09-01T11:46:26","slug":"regreso-a-clases-presiona-el-bolsillo-de-las-familias-89-reporta-impacto-en-su-presupuesto","status":"publish","type":"post","link":"https:\/\/elinformante.mx\/?p=112304","title":{"rendered":"REGRESO A CLASES PRESIONA EL BOLSILLO DE LAS FAMILIAS; 89% REPORTA IMPACTO EN SU PRESUPUESTO"},"content":{"rendered":"\n<figure class=\"wp-block-pullquote\"><blockquote><p>Uniformes y \u00fatiles escolares concentran los principales gastos, mientras las familias recurren a comparar precios y aprovechar promociones para reducir el impacto econ\u00f3mico.<\/p><\/blockquote><\/figure>\n\n\n\n<p class=\"has-drop-cap wp-block-paragraph\">El regreso a clases representa un reto para la econom\u00eda de los hogares mexicanos. De acuerdo con un sondeo realizado por Up S\u00ed Vale, 7 de cada 10 familias tienen hijos o dependientes que regresan a las aulas y el 89% considera que los gastos escolares son algo o muy desafiantes para su presupuesto familiar.<br><\/p>\n\n\n\n<p class=\"wp-block-paragraph\">Los mayores desembolsos se concentran en uniformes, con 68.6%, y \u00fatiles escolares, con 67.1%; le siguen las colegiaturas, con 53.3%, y las mochilas y accesorios, con 43.6%.<br><\/p>\n\n\n\n<figure class=\"wp-block-image size-large\"><img fetchpriority=\"high\" decoding=\"async\" width=\"1024\" height=\"506\" src=\"https:\/\/elinformante.mx\/wp-content\/uploads\/2026\/09\/9regreso-2-1024x506.jpg\" alt=\"\" class=\"wp-image-112309\" srcset=\"https:\/\/elinformante.mx\/wp-content\/uploads\/2026\/09\/9regreso-2-1024x506.jpg 1024w, https:\/\/elinformante.mx\/wp-content\/uploads\/2026\/09\/9regreso-2-300x148.jpg 300w, https:\/\/elinformante.mx\/wp-content\/uploads\/2026\/09\/9regreso-2-767x379.jpg 767w, https:\/\/elinformante.mx\/wp-content\/uploads\/2026\/09\/9regreso-2.jpg 1140w\" sizes=\"(max-width: 1024px) 100vw, 1024px\" \/><\/figure>\n\n\n\n<p class=\"wp-block-paragraph\">Ante el incremento de estos gastos, las familias han optado principalmente por comparar precios y aprovechar promociones. Sin embargo, la presi\u00f3n econ\u00f3mica tambi\u00e9n ha obligado a modificar decisiones de consumo: 39.3% de los participantes se\u00f1al\u00f3 que ha tenido que posponer o dejar de adquirir alg\u00fan art\u00edculo escolar debido a limitaciones presupuestales.<br><\/p>\n\n\n\n<p class=\"wp-block-paragraph\">El escenario tambi\u00e9n pone de relieve la importancia de las prestaciones laborales como herramienta de apoyo para las familias. El 96.7% de los encuestados considera que los vales de despensa y otras prestaciones son algo o muy \u00fatiles para liberar parte de sus ingresos durante periodos de mayor gasto.<br><\/p>\n\n\n\n<figure class=\"wp-block-image size-large\"><img decoding=\"async\" width=\"1024\" height=\"506\" src=\"https:\/\/elinformante.mx\/wp-content\/uploads\/2026\/09\/9regreso-1024x506.jpg\" alt=\"\" class=\"wp-image-112310\" srcset=\"https:\/\/elinformante.mx\/wp-content\/uploads\/2026\/09\/9regreso-1024x506.jpg 1024w, https:\/\/elinformante.mx\/wp-content\/uploads\/2026\/09\/9regreso-300x148.jpg 300w, https:\/\/elinformante.mx\/wp-content\/uploads\/2026\/09\/9regreso-767x379.jpg 767w, https:\/\/elinformante.mx\/wp-content\/uploads\/2026\/09\/9regreso.jpg 1140w\" sizes=\"(max-width: 1024px) 100vw, 1024px\" \/><\/figure>\n\n\n\n<p class=\"wp-block-paragraph\">De acuerdo con los resultados, los descuentos y promociones, con 46.4%, y los vales de despensa o prestaciones, con 45.3%, son los beneficios que los trabajadores identifican con mayor capacidad para contribuir al cuidado de las finanzas familiares.<br><\/p>\n\n\n\n<p class=\"wp-block-paragraph\">Los datos muestran que los gastos previsibles, como los relacionados con el regreso a clases, pueden representar una presi\u00f3n significativa para los hogares. Ante ello, la planeaci\u00f3n financiera, la comparaci\u00f3n de precios y el aprovechamiento de prestaciones pueden contribuir a administrar de mejor manera los recursos familiares durante estas temporadas de mayor desembolso.<\/p>\n","protected":false},"excerpt":{"rendered":"<p>Uniformes y \u00fatiles escolares concentran los principales gastos, mientras las familias recurren a comparar precios y aprovechar promociones para reducir el impacto econ\u00f3mico. El regreso a clases representa un reto para la econom\u00eda de los hogares mexicanos. De acuerdo con un sondeo realizado por Up S\u00ed Vale, 7 de cada 10 familias tienen hijos o [&hellip;]<\/p>\n","protected":false},"author":1,"featured_media":112308,"comment_status":"closed","ping_status":"closed","sticky":false,"template":"","format":"standard","meta":{"footnotes":""},"categories":[30,34,31],"tags":[47],"class_list":["post-112304","post","type-post","status-publish","format-standard","has-post-thumbnail","hentry","category-destacado","category-nacional","category-portada","tag-portadanacional"],"_links":{"self":[{"href":"https:\/\/elinformante.mx\/index.php?rest_route=\/wp\/v2\/posts\/112304","targetHints":{"allow":["GET"]}}],"collection":[{"href":"https:\/\/elinformante.mx\/index.php?rest_route=\/wp\/v2\/posts"}],"about":[{"href":"https:\/\/elinformante.mx\/index.php?rest_route=\/wp\/v2\/types\/post"}],"author":[{"embeddable":true,"href":"https:\/\/elinformante.mx\/index.php?rest_route=\/wp\/v2\/users\/1"}],"replies":[{"embeddable":true,"href":"https:\/\/elinformante.mx\/index.php?rest_route=%2Fwp%2Fv2%2Fcomments&post=112304"}],"version-history":[{"count":112311,"href":"https:\/\/elinformante.mx\/index.php?rest_route=\/wp\/v2\/posts\/112304\/revisions"}],"predecessor-version":[{"id":112311,"href":"https:\/\/elinformante.mx\/index.php?rest_route=\/wp\/v2\/posts\/112304\/revisions\/112311"}],"wp:featuredmedia":[{"embeddable":true,"href":"https:\/\/elinformante.mx\/index.php?rest_route=\/wp\/v2\/media\/112308"}],"wp:attachment":[{"href":"https:\/\/elinformante.mx\/index.php?rest_route=%2Fwp%2Fv2%2Fmedia&parent=112304"}],"wp:term":[{"taxonomy":"category","embeddable":true,"href":"https:\/\/elinformante.mx\/index.php?rest_route=%2Fwp%2Fv2%2Fcategories&post=112304"},{"taxonomy":"post_tag","embeddable":true,"href":"https:\/\/elinformante.mx\/index.php?rest_route=%2Fwp%2Fv2%2Ftags&post=112304"}],"curies":[{"name":"wp","href":"https:\/\/api.w.org\/{rel}","templated":true}]}}