{"id":112312,"date":"2026-09-01T11:57:52","date_gmt":"2026-09-01T17:57:52","guid":{"rendered":"https:\/\/elinformante.mx\/?p=112312"},"modified":"2026-09-01T11:57:58","modified_gmt":"2026-09-01T17:57:58","slug":"sheinbaum-destaca-libertades-y-derecho-a-la-manifestacion-durante-su-segundo-informe-de-gobierno","status":"publish","type":"post","link":"https:\/\/elinformante.mx\/?p=112312","title":{"rendered":"Sheinbaum destaca libertades y derecho a la manifestaci\u00f3n durante su Segundo Informe de Gobierno"},"content":{"rendered":"\n<p class=\"wp-block-paragraph\">La presidenta Claudia Sheinbaum asegur\u00f3 que su administraci\u00f3n mantiene como principios el respeto a las libertades, la democracia y el derecho a la manifestaci\u00f3n, durante su mensaje con motivo del Segundo Informe de Gobierno.<\/p>\n\n\n\n<p class=\"wp-block-paragraph\">\u201cNo se reprime al pueblo, no se utiliza la fuerza del Estado para callar a quienes piensan distinto\u201d, afirm\u00f3 la mandataria al referirse a la postura de su gobierno frente a las expresiones sociales y las diferencias pol\u00edticas.<\/p>\n\n\n\n<p class=\"wp-block-paragraph\">Sheinbaum sostuvo que durante su administraci\u00f3n se ha buscado garantizar la libertad de expresi\u00f3n y el derecho de la ciudadan\u00eda a manifestarse, al tiempo que destac\u00f3 el di\u00e1logo como parte de la relaci\u00f3n entre el Gobierno federal y la sociedad.<\/p>\n\n\n\n<p class=\"wp-block-paragraph\">La presidenta tambi\u00e9n inform\u00f3 que ha encabezado 475 conferencias matutinas, las cuales defini\u00f3 como espacios destinados a informar sobre las acciones de gobierno, mantener el di\u00e1logo p\u00fablico, generar debate y permitir el derecho de r\u00e9plica.<\/p>\n\n\n\n<p class=\"wp-block-paragraph\">Las declaraciones formaron parte del balance presentado por Claudia Sheinbaum en su Segundo Informe de Gobierno, donde abord\u00f3 distintos aspectos de su administraci\u00f3n y defendi\u00f3 el ejercicio de las libertades p\u00fablicas como uno de los principios de su gesti\u00f3n.<\/p>\n","protected":false},"excerpt":{"rendered":"<p>La presidenta Claudia Sheinbaum asegur\u00f3 que su administraci\u00f3n mantiene como principios el respeto a las libertades, la democracia y el derecho a la manifestaci\u00f3n, durante su mensaje con motivo del Segundo Informe de Gobierno. \u201cNo se reprime al pueblo, no se utiliza la fuerza del Estado para callar a quienes piensan distinto\u201d, afirm\u00f3 la mandataria [&hellip;]<\/p>\n","protected":false},"author":2,"featured_media":112313,"comment_status":"closed","ping_status":"closed","sticky":false,"template":"","format":"standard","meta":{"footnotes":""},"categories":[34],"tags":[2343,91,2277,2345,2344,2349,2193,2346,2347,2348,77,2196,2221],"class_list":["post-112312","post","type-post","status-publish","format-standard","has-post-thumbnail","hentry","category-nacional","tag-2-informe-de-gobierno","tag-claudia-sheinbaum","tag-conferencias-matutinas","tag-democracia","tag-derecho-a-la-manifestacion","tag-derecho-de-replica","tag-gobierno-de-mexico","tag-libertad-de-expresion","tag-libertades","tag-mananeras","tag-politica-mexicana","tag-politica-nacional","tag-presidencia-de-mexico"],"_links":{"self":[{"href":"https:\/\/elinformante.mx\/index.php?rest_route=\/wp\/v2\/posts\/112312","targetHints":{"allow":["GET"]}}],"collection":[{"href":"https:\/\/elinformante.mx\/index.php?rest_route=\/wp\/v2\/posts"}],"about":[{"href":"https:\/\/elinformante.mx\/index.php?rest_route=\/wp\/v2\/types\/post"}],"author":[{"embeddable":true,"href":"https:\/\/elinformante.mx\/index.php?rest_route=\/wp\/v2\/users\/2"}],"replies":[{"embeddable":true,"href":"https:\/\/elinformante.mx\/index.php?rest_route=%2Fwp%2Fv2%2Fcomments&post=112312"}],"version-history":[{"count":112314,"href":"https:\/\/elinformante.mx\/index.php?rest_route=\/wp\/v2\/posts\/112312\/revisions"}],"predecessor-version":[{"id":112314,"href":"https:\/\/elinformante.mx\/index.php?rest_route=\/wp\/v2\/posts\/112312\/revisions\/112314"}],"wp:featuredmedia":[{"embeddable":true,"href":"https:\/\/elinformante.mx\/index.php?rest_route=\/wp\/v2\/media\/112313"}],"wp:attachment":[{"href":"https:\/\/elinformante.mx\/index.php?rest_route=%2Fwp%2Fv2%2Fmedia&parent=112312"}],"wp:term":[{"taxonomy":"category","embeddable":true,"href":"https:\/\/elinformante.mx\/index.php?rest_route=%2Fwp%2Fv2%2Fcategories&post=112312"},{"taxonomy":"post_tag","embeddable":true,"href":"https:\/\/elinformante.mx\/index.php?rest_route=%2Fwp%2Fv2%2Ftags&post=112312"}],"curies":[{"name":"wp","href":"https:\/\/api.w.org\/{rel}","templated":true}]}}