{"id":112315,"date":"2026-09-01T13:48:30","date_gmt":"2026-09-01T19:48:30","guid":{"rendered":"https:\/\/elinformante.mx\/?p=112315"},"modified":"2026-09-01T13:48:34","modified_gmt":"2026-09-01T19:48:34","slug":"rumbo-a-2027-sheinbaum-asegura-que-la-4t-se-mantiene-unida","status":"publish","type":"post","link":"https:\/\/elinformante.mx\/?p=112315","title":{"rendered":"Rumbo a 2027, Sheinbaum asegura que la 4T se mantiene unida"},"content":{"rendered":"\n<p class=\"wp-block-paragraph\">La presidenta Claudia Sheinbaum rechaz\u00f3 que existan divisiones o rompimientos al interior de la llamada Cuarta Transformaci\u00f3n (4T), en medio de los procesos internos de Morena rumbo a las elecciones de 2027.<\/p>\n\n\n\n<p class=\"wp-block-paragraph\">Durante su Segundo Informe de Gobierno, la mandataria hizo referencia a la unidad del movimiento y asegur\u00f3 que las diferencias surgidas durante la definici\u00f3n de posiciones y candidaturas no representan una ruptura dentro del proyecto pol\u00edtico.<\/p>\n\n\n\n<p class=\"wp-block-paragraph\">\u201cQue nadie se equivoque. Aqu\u00ed no hay divisiones, aqu\u00ed no hay rompimientos\u201d, expres\u00f3 Sheinbaum durante su mensaje, en el que defendi\u00f3 la continuidad y cohesi\u00f3n de la 4T frente a las versiones sobre posibles diferencias internas.<\/p>\n\n\n\n<p class=\"wp-block-paragraph\">La presidenta agreg\u00f3 que el objetivo central del movimiento es \u201cla defensa del pueblo de M\u00e9xico y su dignidad\u201d. Sus declaraciones ocurren mientras Morena avanza en sus procesos pol\u00edticos internos de cara a las elecciones intermedias de 2027.<\/p>\n\n\n\n<p class=\"wp-block-paragraph\">El posicionamiento de Claudia Sheinbaum se produce en un momento en el que distintas figuras de Morena han expresado p\u00fablicamente diferencias sobre decisiones y posiciones dentro del partido. La mandataria, sin embargo, sostuvo durante su Segundo Informe que esas diferencias no representan un rompimiento de la 4T.<\/p>\n","protected":false},"excerpt":{"rendered":"<p>La presidenta Claudia Sheinbaum rechaz\u00f3 que existan divisiones o rompimientos al interior de la llamada Cuarta Transformaci\u00f3n (4T), en medio de los procesos internos de Morena rumbo a las elecciones de 2027. Durante su Segundo Informe de Gobierno, la mandataria hizo referencia a la unidad del movimiento y asegur\u00f3 que las diferencias surgidas durante la [&hellip;]<\/p>\n","protected":false},"author":2,"featured_media":112316,"comment_status":"closed","ping_status":"closed","sticky":false,"template":"","format":"standard","meta":{"footnotes":""},"categories":[34],"tags":[2343,2352,91,2351,2350,246,2193,75,480,77,2196,2221,2332,2353],"class_list":["post-112315","post","type-post","status-publish","format-standard","has-post-thumbnail","hentry","category-nacional","tag-2-informe-de-gobierno","tag-4t","tag-claudia-sheinbaum","tag-cuarta-transformacion","tag-elecciones-2027","tag-elecciones-mexico","tag-gobierno-de-mexico","tag-morena","tag-morena-2027","tag-politica-mexicana","tag-politica-nacional","tag-presidencia-de-mexico","tag-segundo-informe-de-gobierno","tag-unidad-de-morena"],"_links":{"self":[{"href":"https:\/\/elinformante.mx\/index.php?rest_route=\/wp\/v2\/posts\/112315","targetHints":{"allow":["GET"]}}],"collection":[{"href":"https:\/\/elinformante.mx\/index.php?rest_route=\/wp\/v2\/posts"}],"about":[{"href":"https:\/\/elinformante.mx\/index.php?rest_route=\/wp\/v2\/types\/post"}],"author":[{"embeddable":true,"href":"https:\/\/elinformante.mx\/index.php?rest_route=\/wp\/v2\/users\/2"}],"replies":[{"embeddable":true,"href":"https:\/\/elinformante.mx\/index.php?rest_route=%2Fwp%2Fv2%2Fcomments&post=112315"}],"version-history":[{"count":112317,"href":"https:\/\/elinformante.mx\/index.php?rest_route=\/wp\/v2\/posts\/112315\/revisions"}],"predecessor-version":[{"id":112317,"href":"https:\/\/elinformante.mx\/index.php?rest_route=\/wp\/v2\/posts\/112315\/revisions\/112317"}],"wp:featuredmedia":[{"embeddable":true,"href":"https:\/\/elinformante.mx\/index.php?rest_route=\/wp\/v2\/media\/112316"}],"wp:attachment":[{"href":"https:\/\/elinformante.mx\/index.php?rest_route=%2Fwp%2Fv2%2Fmedia&parent=112315"}],"wp:term":[{"taxonomy":"category","embeddable":true,"href":"https:\/\/elinformante.mx\/index.php?rest_route=%2Fwp%2Fv2%2Fcategories&post=112315"},{"taxonomy":"post_tag","embeddable":true,"href":"https:\/\/elinformante.mx\/index.php?rest_route=%2Fwp%2Fv2%2Ftags&post=112315"}],"curies":[{"name":"wp","href":"https:\/\/api.w.org\/{rel}","templated":true}]}}