{"id":112334,"date":"2026-09-02T05:18:27","date_gmt":"2026-09-02T11:18:27","guid":{"rendered":"https:\/\/elinformante.mx\/?p=112334"},"modified":"2026-09-02T05:18:28","modified_gmt":"2026-09-02T11:18:28","slug":"santiago-gimenez-cambia-de-rumbo-se-convierte-en-jugador-del-porto","status":"publish","type":"post","link":"https:\/\/elinformante.mx\/?p=112334","title":{"rendered":"Santiago Gim\u00e9nez cambia de rumbo; se convierte en jugador del Porto"},"content":{"rendered":"\n<figure class=\"wp-block-pullquote\"><blockquote><p>El delantero mexicano deja al Milan y llega cedido por una temporada al conjunto portugu\u00e9s, que tendr\u00e1 una opci\u00f3n de compra.<\/p><\/blockquote><\/figure>\n\n\n\n<p class=\"has-drop-cap wp-block-paragraph\">Santiago Gim\u00e9nez tiene nuevo equipo en Europa. El delantero mexicano fue presentado oficialmente como jugador del Porto, donde buscar\u00e1 recuperar el protagonismo que perdi\u00f3 durante su paso por el f\u00fatbol italiano.<br><\/p>\n\n\n\n<p class=\"wp-block-paragraph\">El \u201cBebote\u201d llega a los Dragones en calidad de pr\u00e9stamo por una temporada, con una opci\u00f3n de compra que podr\u00eda hacerse efectiva si se cumplen determinados objetivos de rendimiento. Con este movimiento, el atacante inicia su tercera aventura en el f\u00fatbol europeo, despu\u00e9s de sus etapas con Feyenoord y AC Milan.<br><\/p>\n\n\n\n<p class=\"wp-block-paragraph\">La salida del conjunto rossonero pone fin a una etapa de poco m\u00e1s de un a\u00f1o y medio que estuvo marcada por altibajos y algunas lesiones. Gim\u00e9nez lleg\u00f3 al Milan en febrero de 2025 procedente del Feyenoord, despu\u00e9s de convertirse en uno de los principales referentes ofensivos del club neerland\u00e9s.<br><\/p>\n\n\n\n<p class=\"wp-block-paragraph\">Con los italianos disput\u00f3 37 partidos oficiales, 19 de ellos como titular, y registr\u00f3 siete goles y seis asistencias. Sus n\u00fameros estuvieron lejos de las expectativas generadas tras su fichaje, que super\u00f3 los 30 millones de euros.<br><\/p>\n\n\n\n<figure class=\"wp-block-image size-large\"><img fetchpriority=\"high\" decoding=\"async\" width=\"1024\" height=\"506\" src=\"https:\/\/elinformante.mx\/wp-content\/uploads\/2026\/09\/14santiago2-1024x506.jpg\" alt=\"\" class=\"wp-image-112340\" srcset=\"https:\/\/elinformante.mx\/wp-content\/uploads\/2026\/09\/14santiago2-1024x506.jpg 1024w, https:\/\/elinformante.mx\/wp-content\/uploads\/2026\/09\/14santiago2-300x148.jpg 300w, https:\/\/elinformante.mx\/wp-content\/uploads\/2026\/09\/14santiago2-767x379.jpg 767w, https:\/\/elinformante.mx\/wp-content\/uploads\/2026\/09\/14santiago2.jpg 1140w\" sizes=\"(max-width: 1024px) 100vw, 1024px\" \/><\/figure>\n\n\n\n<p class=\"wp-block-paragraph\">Antes de abandonar Italia, el delantero mexicano dedic\u00f3 un mensaje de despedida a la afici\u00f3n del Milan, club que, seg\u00fan ha contado en distintas ocasiones, representaba uno de sus sue\u00f1os desde ni\u00f1o.<br><\/p>\n\n\n\n<p class=\"wp-block-paragraph\">\u201cFue un sue\u00f1o cumplido jugar para AC Milan. Los llevar\u00e9 siempre en mi coraz\u00f3n\u2026 Grazie per tutto, milanistas. \u00a1Forza Milan!\u201d, escribi\u00f3 Gim\u00e9nez en sus redes sociales.<br><\/p>\n\n\n\n<p class=\"wp-block-paragraph\">Ahora, vestido de azul y blanco, el atacante tendr\u00e1 una nueva oportunidad para relanzar su carrera. Durante su presentaci\u00f3n con el Porto, reconoci\u00f3 que su nivel en el Milan no fue el que esperaba, aunque asegur\u00f3 que la experiencia en la Serie A le dej\u00f3 importantes aprendizajes.<br><\/p>\n\n\n\n<p class=\"wp-block-paragraph\">\u201cEn el AC Milan no estaba al nivel que quer\u00eda, pero fueron a\u00f1os de gran aprendizaje. Ahora combinar\u00e9 toda esta experiencia\u201d, se\u00f1al\u00f3.<br><\/p>\n\n\n\n<p class=\"wp-block-paragraph\">Con el Porto, Gim\u00e9nez buscar\u00e1 recuperar confianza, minutos y goles en una liga que le permitir\u00e1 volver a asumir un papel importante dentro del ataque. El conjunto portugu\u00e9s ser\u00e1 el cuarto club profesional en la carrera del mexicano, despu\u00e9s de Cruz Azul, Feyenoord y Milan.<\/p>\n","protected":false},"excerpt":{"rendered":"<p>El delantero mexicano deja al Milan y llega cedido por una temporada al conjunto portugu\u00e9s, que tendr\u00e1 una opci\u00f3n de compra. Santiago Gim\u00e9nez tiene nuevo equipo en Europa. El delantero mexicano fue presentado oficialmente como jugador del Porto, donde buscar\u00e1 recuperar el protagonismo que perdi\u00f3 durante su paso por el f\u00fatbol italiano. El \u201cBebote\u201d llega [&hellip;]<\/p>\n","protected":false},"author":1,"featured_media":112339,"comment_status":"closed","ping_status":"closed","sticky":false,"template":"","format":"standard","meta":{"footnotes":""},"categories":[38],"tags":[],"class_list":["post-112334","post","type-post","status-publish","format-standard","has-post-thumbnail","hentry","category-deportes"],"_links":{"self":[{"href":"https:\/\/elinformante.mx\/index.php?rest_route=\/wp\/v2\/posts\/112334","targetHints":{"allow":["GET"]}}],"collection":[{"href":"https:\/\/elinformante.mx\/index.php?rest_route=\/wp\/v2\/posts"}],"about":[{"href":"https:\/\/elinformante.mx\/index.php?rest_route=\/wp\/v2\/types\/post"}],"author":[{"embeddable":true,"href":"https:\/\/elinformante.mx\/index.php?rest_route=\/wp\/v2\/users\/1"}],"replies":[{"embeddable":true,"href":"https:\/\/elinformante.mx\/index.php?rest_route=%2Fwp%2Fv2%2Fcomments&post=112334"}],"version-history":[{"count":112341,"href":"https:\/\/elinformante.mx\/index.php?rest_route=\/wp\/v2\/posts\/112334\/revisions"}],"predecessor-version":[{"id":112341,"href":"https:\/\/elinformante.mx\/index.php?rest_route=\/wp\/v2\/posts\/112334\/revisions\/112341"}],"wp:featuredmedia":[{"embeddable":true,"href":"https:\/\/elinformante.mx\/index.php?rest_route=\/wp\/v2\/media\/112339"}],"wp:attachment":[{"href":"https:\/\/elinformante.mx\/index.php?rest_route=%2Fwp%2Fv2%2Fmedia&parent=112334"}],"wp:term":[{"taxonomy":"category","embeddable":true,"href":"https:\/\/elinformante.mx\/index.php?rest_route=%2Fwp%2Fv2%2Fcategories&post=112334"},{"taxonomy":"post_tag","embeddable":true,"href":"https:\/\/elinformante.mx\/index.php?rest_route=%2Fwp%2Fv2%2Ftags&post=112334"}],"curies":[{"name":"wp","href":"https:\/\/api.w.org\/{rel}","templated":true}]}}